{"id":1190,"date":"2013-09-05T20:05:05","date_gmt":"2013-09-05T19:05:05","guid":{"rendered":"http:\/\/blogs.ideal.es\/cocina\/?p=1190"},"modified":"2013-09-05T20:05:05","modified_gmt":"2013-09-05T19:05:05","slug":"las-manitas-de-cerdo-quitan-la-depresion","status":"publish","type":"post","link":"https:\/\/blogs.ideal.es\/cocina\/2013\/09\/05\/las-manitas-de-cerdo-quitan-la-depresion\/","title":{"rendered":"Las manitas de cerdo quitan la depresi\u00f3n"},"content":{"rendered":"<p><a href=\"\/cocina\/wp-content\/uploads\/sites\/9\/2013\/09\/manitas.jpg\"><img loading=\"lazy\" class=\"aligncenter size-medium wp-image-1192\" title=\"manitas\" src=\"\/cocina\/wp-content\/uploads\/sites\/9\/2013\/09\/manitas-300x225.jpg\" alt=\"\" width=\"300\" height=\"225\" srcset=\"https:\/\/static-blogs.ideal.es\/wp-content\/uploads\/sites\/9\/2013\/09\/manitas-300x225.jpg 300w, https:\/\/static-blogs.ideal.es\/wp-content\/uploads\/sites\/9\/2013\/09\/manitas.jpg 400w\" sizes=\"(max-width: 300px) 100vw, 300px\" \/><\/a>Leo en internet esta referencia. Y como a mi me salen muy bien las manitas de cerdo, con perd\u00f3n. Leo que por su alto contenido en vitamina B1, el consumo de las manitas de cerdo, ayuda a superar el estr\u00e9s y la depresi\u00f3n. Los alimentos ricos en vitamina B1 o tiamina, como esta carne, son recomendables en periodos de embarazo o lactancia y tambi\u00e9n en convalecencia. Lo que yo digo: una alegr\u00eda para el cuerpo.<\/p>\n<!-- AddThis Advanced Settings generic via filter on the_content --><!-- AddThis Share Buttons generic via filter on the_content -->","protected":false},"excerpt":{"rendered":"<p>Leo en internet esta referencia. Y como a mi me salen muy bien las manitas de cerdo, con perd\u00f3n. Leo que por su alto contenido en vitamina B1, el consumo de las manitas de cerdo, ayuda a superar el estr\u00e9s y la depresi\u00f3n. Los alimentos ricos en vitamina B1 o tiamina, como esta carne, son [&hellip;]<!-- AddThis Advanced Settings generic via filter on get_the_excerpt --><!-- AddThis Share Buttons generic via filter on get_the_excerpt --><\/p>\n","protected":false},"author":5,"featured_media":0,"comment_status":"open","ping_status":"open","sticky":false,"template":"","format":"standard","meta":[],"categories":[3,4],"tags":[],"_links":{"self":[{"href":"https:\/\/blogs.ideal.es\/cocina\/wp-json\/wp\/v2\/posts\/1190"}],"collection":[{"href":"https:\/\/blogs.ideal.es\/cocina\/wp-json\/wp\/v2\/posts"}],"about":[{"href":"https:\/\/blogs.ideal.es\/cocina\/wp-json\/wp\/v2\/types\/post"}],"author":[{"embeddable":true,"href":"https:\/\/blogs.ideal.es\/cocina\/wp-json\/wp\/v2\/users\/5"}],"replies":[{"embeddable":true,"href":"https:\/\/blogs.ideal.es\/cocina\/wp-json\/wp\/v2\/comments?post=1190"}],"version-history":[{"count":0,"href":"https:\/\/blogs.ideal.es\/cocina\/wp-json\/wp\/v2\/posts\/1190\/revisions"}],"wp:attachment":[{"href":"https:\/\/blogs.ideal.es\/cocina\/wp-json\/wp\/v2\/media?parent=1190"}],"wp:term":[{"taxonomy":"category","embeddable":true,"href":"https:\/\/blogs.ideal.es\/cocina\/wp-json\/wp\/v2\/categories?post=1190"},{"taxonomy":"post_tag","embeddable":true,"href":"https:\/\/blogs.ideal.es\/cocina\/wp-json\/wp\/v2\/tags?post=1190"}],"curies":[{"name":"wp","href":"https:\/\/api.w.org\/{rel}","templated":true}]}}