{"id":1204,"date":"2013-09-15T13:03:12","date_gmt":"2013-09-15T12:03:12","guid":{"rendered":"http:\/\/blogs.ideal.es\/cocina\/?p=1204"},"modified":"2013-09-15T13:03:12","modified_gmt":"2013-09-15T12:03:12","slug":"licor-de-cilantro-y-otras-hierbas","status":"publish","type":"post","link":"https:\/\/blogs.ideal.es\/cocina\/2013\/09\/15\/licor-de-cilantro-y-otras-hierbas\/","title":{"rendered":"Licor de Cilantro y otras hierbas"},"content":{"rendered":"<p><a href=\"\/cocina\/wp-content\/uploads\/sites\/9\/2013\/09\/090913.jpg\"><img loading=\"lazy\" class=\"aligncenter size-medium wp-image-1205\" title=\"090913\" src=\"\/cocina\/wp-content\/uploads\/sites\/9\/2013\/09\/090913-114x300.jpg\" alt=\"\" width=\"114\" height=\"300\" srcset=\"https:\/\/static-blogs.ideal.es\/wp-content\/uploads\/sites\/9\/2013\/09\/090913-114x300.jpg 114w, https:\/\/static-blogs.ideal.es\/wp-content\/uploads\/sites\/9\/2013\/09\/090913.jpg 304w\" sizes=\"(max-width: 114px) 100vw, 114px\" \/><\/a><\/p>\n<p>El ser humano es capaz de destilar y sacar partido a todo tipo de aromas y plantas. Y por eso es de destacar este singular y exquisito licor de cilantro. Se hace con una receta del 1877 e intervienen cinco hierbas arom\u00e1ticas. Lo distribuye Varma en Espa\u00f1a y es una copa larga, que se puede tomar fr\u00eda y\/o con hielo. Muy bonita botella y muy rico su sabor, Solo tiene 33% vol. El origen de la receta es la provincia de Pontevedra.<\/p>\n<!-- AddThis Advanced Settings generic via filter on the_content --><!-- AddThis Share Buttons generic via filter on the_content -->","protected":false},"excerpt":{"rendered":"<p>El ser humano es capaz de destilar y sacar partido a todo tipo de aromas y plantas. Y por eso es de destacar este singular y exquisito licor de cilantro. Se hace con una receta del 1877 e intervienen cinco hierbas arom\u00e1ticas. Lo distribuye Varma en Espa\u00f1a y es una copa larga, que se puede [&hellip;]<!-- AddThis Advanced Settings generic via filter on get_the_excerpt --><!-- AddThis Share Buttons generic via filter on get_the_excerpt --><\/p>\n","protected":false},"author":5,"featured_media":0,"comment_status":"open","ping_status":"open","sticky":false,"template":"","format":"standard","meta":[],"categories":[8,9],"tags":[],"_links":{"self":[{"href":"https:\/\/blogs.ideal.es\/cocina\/wp-json\/wp\/v2\/posts\/1204"}],"collection":[{"href":"https:\/\/blogs.ideal.es\/cocina\/wp-json\/wp\/v2\/posts"}],"about":[{"href":"https:\/\/blogs.ideal.es\/cocina\/wp-json\/wp\/v2\/types\/post"}],"author":[{"embeddable":true,"href":"https:\/\/blogs.ideal.es\/cocina\/wp-json\/wp\/v2\/users\/5"}],"replies":[{"embeddable":true,"href":"https:\/\/blogs.ideal.es\/cocina\/wp-json\/wp\/v2\/comments?post=1204"}],"version-history":[{"count":0,"href":"https:\/\/blogs.ideal.es\/cocina\/wp-json\/wp\/v2\/posts\/1204\/revisions"}],"wp:attachment":[{"href":"https:\/\/blogs.ideal.es\/cocina\/wp-json\/wp\/v2\/media?parent=1204"}],"wp:term":[{"taxonomy":"category","embeddable":true,"href":"https:\/\/blogs.ideal.es\/cocina\/wp-json\/wp\/v2\/categories?post=1204"},{"taxonomy":"post_tag","embeddable":true,"href":"https:\/\/blogs.ideal.es\/cocina\/wp-json\/wp\/v2\/tags?post=1204"}],"curies":[{"name":"wp","href":"https:\/\/api.w.org\/{rel}","templated":true}]}}