{"id":1214,"date":"2013-09-15T18:55:39","date_gmt":"2013-09-15T17:55:39","guid":{"rendered":"http:\/\/blogs.ideal.es\/cocina\/?p=1214"},"modified":"2013-09-15T18:55:39","modified_gmt":"2013-09-15T17:55:39","slug":"los-camareros-de-la-mirada-baja","status":"publish","type":"post","link":"https:\/\/blogs.ideal.es\/cocina\/2013\/09\/15\/los-camareros-de-la-mirada-baja\/","title":{"rendered":"Los camareros de la mirada baja"},"content":{"rendered":"<p>Los camareros de &#8220;la mirada baja&#8221;<br \/>\nEL PICANTE<br \/>\nEs una t\u00e9cnica que usan algunos &#8220;malos&#8221; camareros. Ya sean hombres o mujeres, procuran no mirar a los clientes, para que estos no los vayan a solicitar. Los hay en la barra con los ojos fijos en sus pies y los o\u00eddos sordos. Y los hay en sala, con mirada perdida al infinito. Estos individuos dan una p\u00e9sima imagen y no deber\u00edan trabajar cuidando a la gente<\/p>\n<!-- AddThis Advanced Settings generic via filter on the_content --><!-- AddThis Share Buttons generic via filter on the_content -->","protected":false},"excerpt":{"rendered":"<p>Los camareros de &#8220;la mirada baja&#8221; EL PICANTE Es una t\u00e9cnica que usan algunos &#8220;malos&#8221; camareros. Ya sean hombres o mujeres, procuran no mirar a los clientes, para que estos no los vayan a solicitar. Los hay en la barra con los ojos fijos en sus pies y los o\u00eddos sordos. Y los hay en [&hellip;]<!-- AddThis Advanced Settings generic via filter on get_the_excerpt --><!-- AddThis Share Buttons generic via filter on get_the_excerpt --><\/p>\n","protected":false},"author":5,"featured_media":0,"comment_status":"open","ping_status":"open","sticky":false,"template":"","format":"standard","meta":[],"categories":[3],"tags":[],"_links":{"self":[{"href":"https:\/\/blogs.ideal.es\/cocina\/wp-json\/wp\/v2\/posts\/1214"}],"collection":[{"href":"https:\/\/blogs.ideal.es\/cocina\/wp-json\/wp\/v2\/posts"}],"about":[{"href":"https:\/\/blogs.ideal.es\/cocina\/wp-json\/wp\/v2\/types\/post"}],"author":[{"embeddable":true,"href":"https:\/\/blogs.ideal.es\/cocina\/wp-json\/wp\/v2\/users\/5"}],"replies":[{"embeddable":true,"href":"https:\/\/blogs.ideal.es\/cocina\/wp-json\/wp\/v2\/comments?post=1214"}],"version-history":[{"count":0,"href":"https:\/\/blogs.ideal.es\/cocina\/wp-json\/wp\/v2\/posts\/1214\/revisions"}],"wp:attachment":[{"href":"https:\/\/blogs.ideal.es\/cocina\/wp-json\/wp\/v2\/media?parent=1214"}],"wp:term":[{"taxonomy":"category","embeddable":true,"href":"https:\/\/blogs.ideal.es\/cocina\/wp-json\/wp\/v2\/categories?post=1214"},{"taxonomy":"post_tag","embeddable":true,"href":"https:\/\/blogs.ideal.es\/cocina\/wp-json\/wp\/v2\/tags?post=1214"}],"curies":[{"name":"wp","href":"https:\/\/api.w.org\/{rel}","templated":true}]}}