{"id":1215,"date":"2013-09-18T19:56:57","date_gmt":"2013-09-18T18:56:57","guid":{"rendered":"http:\/\/blogs.ideal.es\/cocina\/?p=1215"},"modified":"2013-09-18T19:56:57","modified_gmt":"2013-09-18T18:56:57","slug":"ya-mismo-hay-membrillos-y-su-carne","status":"publish","type":"post","link":"https:\/\/blogs.ideal.es\/cocina\/2013\/09\/18\/ya-mismo-hay-membrillos-y-su-carne\/","title":{"rendered":"Ya mismo hay membrillos y su carne"},"content":{"rendered":"<p><a href=\"\/cocina\/wp-content\/uploads\/sites\/9\/2013\/09\/160913.jpg\"><img loading=\"lazy\" class=\"aligncenter size-medium wp-image-1216\" title=\"160913\" src=\"\/cocina\/wp-content\/uploads\/sites\/9\/2013\/09\/160913-186x300.jpg\" alt=\"\" width=\"186\" height=\"300\" \/><\/a><\/p>\n<p>Ya queda menos para que comience el oto\u00f1o. Son fechas donde ciertas frutas hacen su aparici\u00f3n. Entre ellas los membrillos. Los hay que les gusta tomarlo hasta a bocados, desafiando la astringencia caracter\u00edstica. Y hay otros que elaboran con su pulpa, una dulce y tentadora &#8220;carne membrillo&#8221; que acompa\u00f1a desayunos, meriendas y postres. Pruebe una l\u00e1mina fina de carne membrillo entre dos galletas Mar\u00eda. Muy rico<\/p>\n<!-- AddThis Advanced Settings generic via filter on the_content --><!-- AddThis Share Buttons generic via filter on the_content -->","protected":false},"excerpt":{"rendered":"<p>Ya queda menos para que comience el oto\u00f1o. Son fechas donde ciertas frutas hacen su aparici\u00f3n. Entre ellas los membrillos. Los hay que les gusta tomarlo hasta a bocados, desafiando la astringencia caracter\u00edstica. Y hay otros que elaboran con su pulpa, una dulce y tentadora &#8220;carne membrillo&#8221; que acompa\u00f1a desayunos, meriendas y postres. Pruebe una [&hellip;]<!-- AddThis Advanced Settings generic via filter on get_the_excerpt --><!-- AddThis Share Buttons generic via filter on get_the_excerpt --><\/p>\n","protected":false},"author":5,"featured_media":0,"comment_status":"open","ping_status":"open","sticky":false,"template":"","format":"standard","meta":[],"categories":[3,4,8,12],"tags":[],"_links":{"self":[{"href":"https:\/\/blogs.ideal.es\/cocina\/wp-json\/wp\/v2\/posts\/1215"}],"collection":[{"href":"https:\/\/blogs.ideal.es\/cocina\/wp-json\/wp\/v2\/posts"}],"about":[{"href":"https:\/\/blogs.ideal.es\/cocina\/wp-json\/wp\/v2\/types\/post"}],"author":[{"embeddable":true,"href":"https:\/\/blogs.ideal.es\/cocina\/wp-json\/wp\/v2\/users\/5"}],"replies":[{"embeddable":true,"href":"https:\/\/blogs.ideal.es\/cocina\/wp-json\/wp\/v2\/comments?post=1215"}],"version-history":[{"count":0,"href":"https:\/\/blogs.ideal.es\/cocina\/wp-json\/wp\/v2\/posts\/1215\/revisions"}],"wp:attachment":[{"href":"https:\/\/blogs.ideal.es\/cocina\/wp-json\/wp\/v2\/media?parent=1215"}],"wp:term":[{"taxonomy":"category","embeddable":true,"href":"https:\/\/blogs.ideal.es\/cocina\/wp-json\/wp\/v2\/categories?post=1215"},{"taxonomy":"post_tag","embeddable":true,"href":"https:\/\/blogs.ideal.es\/cocina\/wp-json\/wp\/v2\/tags?post=1215"}],"curies":[{"name":"wp","href":"https:\/\/api.w.org\/{rel}","templated":true}]}}