{"id":1225,"date":"2013-09-26T18:57:14","date_gmt":"2013-09-26T17:57:14","guid":{"rendered":"http:\/\/blogs.ideal.es\/cocina\/?p=1225"},"modified":"2013-09-26T18:57:14","modified_gmt":"2013-09-26T17:57:14","slug":"las-tortas-de-la-virgen-de-las-angustias-una-tradicion-palatal","status":"publish","type":"post","link":"https:\/\/blogs.ideal.es\/cocina\/2013\/09\/26\/las-tortas-de-la-virgen-de-las-angustias-una-tradicion-palatal\/","title":{"rendered":"Las tortas de la Virgen de las Angustias, una tradici\u00f3n palatal"},"content":{"rendered":"<p><a href=\"\/cocina\/wp-content\/uploads\/sites\/9\/2013\/09\/270913.jpg\"><img loading=\"lazy\" class=\"aligncenter size-medium wp-image-1226\" title=\"270913\" src=\"\/cocina\/wp-content\/uploads\/sites\/9\/2013\/09\/270913-300x300.jpg\" alt=\"\" width=\"300\" height=\"300\" srcset=\"https:\/\/static-blogs.ideal.es\/wp-content\/uploads\/sites\/9\/2013\/09\/270913-300x300.jpg 300w, https:\/\/static-blogs.ideal.es\/wp-content\/uploads\/sites\/9\/2013\/09\/270913-150x150.jpg 150w, https:\/\/static-blogs.ideal.es\/wp-content\/uploads\/sites\/9\/2013\/09\/270913.jpg 567w\" sizes=\"(max-width: 300px) 100vw, 300px\" \/><\/a><\/p>\n<p>No solo es una costumbre secular, si no tambi\u00e9n palatal, el comprar, regalar y comer una tortas muy granadinas, donde la mezcla de ingredientes populares hace tentadoras propuestas. Desde principio de septiembre ya hab\u00eda alguna panader\u00eda que las vend\u00eda. Lo suyo es que sean con cabello de \u00e1ngel o sin el, o de chicharrones. Reh\u00faya las que se hacen de forma industrial. Compre en su panadero de confianza<\/p>\n<!-- AddThis Advanced Settings generic via filter on the_content --><!-- AddThis Share Buttons generic via filter on the_content -->","protected":false},"excerpt":{"rendered":"<p>No solo es una costumbre secular, si no tambi\u00e9n palatal, el comprar, regalar y comer una tortas muy granadinas, donde la mezcla de ingredientes populares hace tentadoras propuestas. Desde principio de septiembre ya hab\u00eda alguna panader\u00eda que las vend\u00eda. Lo suyo es que sean con cabello de \u00e1ngel o sin el, o de chicharrones. Reh\u00faya [&hellip;]<!-- AddThis Advanced Settings generic via filter on get_the_excerpt --><!-- AddThis Share Buttons generic via filter on get_the_excerpt --><\/p>\n","protected":false},"author":5,"featured_media":0,"comment_status":"open","ping_status":"open","sticky":false,"template":"","format":"standard","meta":[],"categories":[3,4,8,11,12],"tags":[],"_links":{"self":[{"href":"https:\/\/blogs.ideal.es\/cocina\/wp-json\/wp\/v2\/posts\/1225"}],"collection":[{"href":"https:\/\/blogs.ideal.es\/cocina\/wp-json\/wp\/v2\/posts"}],"about":[{"href":"https:\/\/blogs.ideal.es\/cocina\/wp-json\/wp\/v2\/types\/post"}],"author":[{"embeddable":true,"href":"https:\/\/blogs.ideal.es\/cocina\/wp-json\/wp\/v2\/users\/5"}],"replies":[{"embeddable":true,"href":"https:\/\/blogs.ideal.es\/cocina\/wp-json\/wp\/v2\/comments?post=1225"}],"version-history":[{"count":0,"href":"https:\/\/blogs.ideal.es\/cocina\/wp-json\/wp\/v2\/posts\/1225\/revisions"}],"wp:attachment":[{"href":"https:\/\/blogs.ideal.es\/cocina\/wp-json\/wp\/v2\/media?parent=1225"}],"wp:term":[{"taxonomy":"category","embeddable":true,"href":"https:\/\/blogs.ideal.es\/cocina\/wp-json\/wp\/v2\/categories?post=1225"},{"taxonomy":"post_tag","embeddable":true,"href":"https:\/\/blogs.ideal.es\/cocina\/wp-json\/wp\/v2\/tags?post=1225"}],"curies":[{"name":"wp","href":"https:\/\/api.w.org\/{rel}","templated":true}]}}