{"id":1230,"date":"2013-09-26T19:46:32","date_gmt":"2013-09-26T18:46:32","guid":{"rendered":"http:\/\/blogs.ideal.es\/cocina\/?p=1230"},"modified":"2013-09-26T19:46:32","modified_gmt":"2013-09-26T18:46:32","slug":"hay-mosqueo-con-nuestros-aceites-en-usa","status":"publish","type":"post","link":"https:\/\/blogs.ideal.es\/cocina\/2013\/09\/26\/hay-mosqueo-con-nuestros-aceites-en-usa\/","title":{"rendered":"Hay &#8220;mosqueo con nuestros aceites en USA"},"content":{"rendered":"<p><a href=\"\/cocina\/wp-content\/uploads\/sites\/9\/2013\/09\/150913.jpg\"><img loading=\"lazy\" class=\"aligncenter size-medium wp-image-1231\" title=\"150913\" src=\"\/cocina\/wp-content\/uploads\/sites\/9\/2013\/09\/150913-300x225.jpg\" alt=\"\" width=\"300\" height=\"225\" srcset=\"https:\/\/static-blogs.ideal.es\/wp-content\/uploads\/sites\/9\/2013\/09\/150913-300x225.jpg 300w, https:\/\/static-blogs.ideal.es\/wp-content\/uploads\/sites\/9\/2013\/09\/150913.jpg 640w\" sizes=\"(max-width: 300px) 100vw, 300px\" \/><\/a><\/p>\n<p>La edici\u00f3n de IDEAL, este su peri\u00f3dico en Ja\u00e9n, pon\u00eda en primera p\u00e1gina que: &#8220;EE UU sit\u00faa bajo sospecha de fraude aceites europeos, entre ellos el espa\u00f1ol&#8221;. &#8220;Un informe realizado a petici\u00f3n del Congreso norteamericano denuncia una legislaci\u00f3n internacional que permite confundir calidades&#8221;. Pienso que en Espa\u00f1a hace tiempo que se deber\u00eda haber realizado esa investigaci\u00f3n para aclarar y ayudar al consumidor<\/p>\n<!-- AddThis Advanced Settings generic via filter on the_content --><!-- AddThis Share Buttons generic via filter on the_content -->","protected":false},"excerpt":{"rendered":"<p>La edici\u00f3n de IDEAL, este su peri\u00f3dico en Ja\u00e9n, pon\u00eda en primera p\u00e1gina que: &#8220;EE UU sit\u00faa bajo sospecha de fraude aceites europeos, entre ellos el espa\u00f1ol&#8221;. &#8220;Un informe realizado a petici\u00f3n del Congreso norteamericano denuncia una legislaci\u00f3n internacional que permite confundir calidades&#8221;. Pienso que en Espa\u00f1a hace tiempo que se deber\u00eda haber realizado esa [&hellip;]<!-- AddThis Advanced Settings generic via filter on get_the_excerpt --><!-- AddThis Share Buttons generic via filter on get_the_excerpt --><\/p>\n","protected":false},"author":5,"featured_media":0,"comment_status":"open","ping_status":"open","sticky":false,"template":"","format":"standard","meta":[],"categories":[2,3],"tags":[],"_links":{"self":[{"href":"https:\/\/blogs.ideal.es\/cocina\/wp-json\/wp\/v2\/posts\/1230"}],"collection":[{"href":"https:\/\/blogs.ideal.es\/cocina\/wp-json\/wp\/v2\/posts"}],"about":[{"href":"https:\/\/blogs.ideal.es\/cocina\/wp-json\/wp\/v2\/types\/post"}],"author":[{"embeddable":true,"href":"https:\/\/blogs.ideal.es\/cocina\/wp-json\/wp\/v2\/users\/5"}],"replies":[{"embeddable":true,"href":"https:\/\/blogs.ideal.es\/cocina\/wp-json\/wp\/v2\/comments?post=1230"}],"version-history":[{"count":0,"href":"https:\/\/blogs.ideal.es\/cocina\/wp-json\/wp\/v2\/posts\/1230\/revisions"}],"wp:attachment":[{"href":"https:\/\/blogs.ideal.es\/cocina\/wp-json\/wp\/v2\/media?parent=1230"}],"wp:term":[{"taxonomy":"category","embeddable":true,"href":"https:\/\/blogs.ideal.es\/cocina\/wp-json\/wp\/v2\/categories?post=1230"},{"taxonomy":"post_tag","embeddable":true,"href":"https:\/\/blogs.ideal.es\/cocina\/wp-json\/wp\/v2\/tags?post=1230"}],"curies":[{"name":"wp","href":"https:\/\/api.w.org\/{rel}","templated":true}]}}