{"id":1238,"date":"2013-09-27T13:04:01","date_gmt":"2013-09-27T12:04:01","guid":{"rendered":"http:\/\/blogs.ideal.es\/cocina\/?p=1238"},"modified":"2013-09-27T13:04:01","modified_gmt":"2013-09-27T12:04:01","slug":"la-oleoteca-el-escaparate-del-aceite-de-oliva-virgen-extra","status":"publish","type":"post","link":"https:\/\/blogs.ideal.es\/cocina\/2013\/09\/27\/la-oleoteca-el-escaparate-del-aceite-de-oliva-virgen-extra\/","title":{"rendered":"La Oleoteca, el escaparate del aceite de oliva virgen extra"},"content":{"rendered":"<p><a href=\"\/cocina\/wp-content\/uploads\/sites\/9\/2013\/09\/Foto-media-210913.jpg\"><img loading=\"lazy\" class=\"aligncenter size-medium wp-image-1239\" title=\"Foto media 210913\" src=\"\/cocina\/wp-content\/uploads\/sites\/9\/2013\/09\/Foto-media-210913-300x225.jpg\" alt=\"\" width=\"300\" height=\"225\" srcset=\"https:\/\/static-blogs.ideal.es\/wp-content\/uploads\/sites\/9\/2013\/09\/Foto-media-210913-300x225.jpg 300w, https:\/\/static-blogs.ideal.es\/wp-content\/uploads\/sites\/9\/2013\/09\/Foto-media-210913-768x576.jpg 768w, https:\/\/static-blogs.ideal.es\/wp-content\/uploads\/sites\/9\/2013\/09\/Foto-media-210913.jpg 960w\" sizes=\"(max-width: 300px) 100vw, 300px\" \/><\/a><\/p>\n<p><em><strong>Esther Pastor ha creado este espacio para descubrir los AOVE<\/strong><\/em>.<\/p>\n<p>Recuerdo con envidia cuando descubr\u00ed, hace muchos a\u00f1os, tres tiendas especializadas en aceites de oliva. Una en Amsterdam, otra en Lausanne y la otra en Lyon. Y siempre pens\u00e9 que en nuestra tierra faltaba un local especializado en AOVE. Ahora abre un establecimiento donde se ofrece, no solo la compra de aceites de oliva virgen extra de toda Espa\u00f1a. Si no tambi\u00e9n realizan curso de cata de aceites. \u00a0Tiene m\u00e9rito Esther, su due\u00f1a, pues lo primero que hay que ense\u00f1ar al gourmet en aceites, es que el tipo de aceituna da sabores diferentes, y no la acidez<\/p>\n<p>Lugar: Oleoteca Las Aceiter\u00edas<br \/>\nDirecci\u00f3n: Acera de Darro, 24 Granada<br \/>\nTel\u00e9fono: 958 072382<br \/>\nCierre: Domingos y festivos<br \/>\nAbierto: El domingo 29 &#8220;d\u00eda de la Virgen&#8221; toda la jornada<br \/>\nPropietaria: Esther Pastor<br \/>\nTipos de aceites: Espa\u00f1a cuenta con muchas Denominaciones de Origen y diferentes sabores del AOVE. Motivados exclusivamente por la variedad de aceituna: picual, royal, arbequina, hojiblanca, picudo, etc<\/p>\n<!-- AddThis Advanced Settings generic via filter on the_content --><!-- AddThis Share Buttons generic via filter on the_content -->","protected":false},"excerpt":{"rendered":"<p>Esther Pastor ha creado este espacio para descubrir los AOVE. Recuerdo con envidia cuando descubr\u00ed, hace muchos a\u00f1os, tres tiendas especializadas en aceites de oliva. Una en Amsterdam, otra en Lausanne y la otra en Lyon. Y siempre pens\u00e9 que en nuestra tierra faltaba un local especializado en AOVE. Ahora abre un establecimiento donde se [&hellip;]<!-- AddThis Advanced Settings generic via filter on get_the_excerpt --><!-- AddThis Share Buttons generic via filter on get_the_excerpt --><\/p>\n","protected":false},"author":5,"featured_media":0,"comment_status":"open","ping_status":"open","sticky":false,"template":"","format":"standard","meta":[],"categories":[2,3,4,5,8],"tags":[],"_links":{"self":[{"href":"https:\/\/blogs.ideal.es\/cocina\/wp-json\/wp\/v2\/posts\/1238"}],"collection":[{"href":"https:\/\/blogs.ideal.es\/cocina\/wp-json\/wp\/v2\/posts"}],"about":[{"href":"https:\/\/blogs.ideal.es\/cocina\/wp-json\/wp\/v2\/types\/post"}],"author":[{"embeddable":true,"href":"https:\/\/blogs.ideal.es\/cocina\/wp-json\/wp\/v2\/users\/5"}],"replies":[{"embeddable":true,"href":"https:\/\/blogs.ideal.es\/cocina\/wp-json\/wp\/v2\/comments?post=1238"}],"version-history":[{"count":0,"href":"https:\/\/blogs.ideal.es\/cocina\/wp-json\/wp\/v2\/posts\/1238\/revisions"}],"wp:attachment":[{"href":"https:\/\/blogs.ideal.es\/cocina\/wp-json\/wp\/v2\/media?parent=1238"}],"wp:term":[{"taxonomy":"category","embeddable":true,"href":"https:\/\/blogs.ideal.es\/cocina\/wp-json\/wp\/v2\/categories?post=1238"},{"taxonomy":"post_tag","embeddable":true,"href":"https:\/\/blogs.ideal.es\/cocina\/wp-json\/wp\/v2\/tags?post=1238"}],"curies":[{"name":"wp","href":"https:\/\/api.w.org\/{rel}","templated":true}]}}