{"id":1246,"date":"2013-10-02T13:11:28","date_gmt":"2013-10-02T12:11:28","guid":{"rendered":"http:\/\/blogs.ideal.es\/cocina\/?p=1246"},"modified":"2013-10-02T13:11:28","modified_gmt":"2013-10-02T12:11:28","slug":"i-jornadas-profesionales-destino-alpujarra-almeriense","status":"publish","type":"post","link":"https:\/\/blogs.ideal.es\/cocina\/2013\/10\/02\/i-jornadas-profesionales-destino-alpujarra-almeriense\/","title":{"rendered":"I Jornadas profesionales: Destino Alpujarra Almeriense"},"content":{"rendered":"<p><a href=\"\/cocina\/wp-content\/uploads\/sites\/9\/2013\/10\/Foto-peque\u00f1a-280913.jpg\"><img loading=\"lazy\" class=\"aligncenter size-medium wp-image-1247\" title=\"Foto peque\u00f1a 280913\" src=\"\/cocina\/wp-content\/uploads\/sites\/9\/2013\/10\/Foto-peque\u00f1a-280913-300x199.jpg\" alt=\"\" width=\"300\" height=\"199\" srcset=\"https:\/\/static-blogs.ideal.es\/wp-content\/uploads\/sites\/9\/2013\/10\/Foto-peque\u00f1a-280913-300x199.jpg 300w, https:\/\/static-blogs.ideal.es\/wp-content\/uploads\/sites\/9\/2013\/10\/Foto-peque\u00f1a-280913.jpg 567w\" sizes=\"(max-width: 300px) 100vw, 300px\" \/><\/a><\/p>\n<p>Los d\u00edas 31 de este mes y 1 de octubre se realizan en Laujar de Andar\u00e1x y Fond\u00f3n, de la Alpujarra almeriense, unas jornadas de trabajo dedicadas y pensadas para los empresarios del mundo hostelero, alimentario y bodeguero de la zona. As\u00ed como para un grupo de agentes de viajes que han sido invitados a conocer la comarca. Organizado por la Consejer\u00eda de Turismo y el CADE de la Alpujarra cuenta con un intenso programa de trabajo que comienza el lunes 31 con la inauguraci\u00f3n del consejero de Turismo, Rafael Rodr\u00edguez, que da paso a una ponencia sobre &#8220;La Alpujarra on line&#8221;. Le sigue otra ponencia sobre el apoyo de los &#8220;touroperaci\u00f3n&#8221; en la difusi\u00f3n de las comarcas. Por la tarde se realizar\u00e1 una cata dirigida de vinos de la zona que dar\u00e1 paso a un debate sobre la riqueza y oferta de la zona. Al d\u00eda siguiente tendr\u00e1 lugar un interesante intervenci\u00f3n sobre la utilidad e importancia de &#8220;la comercializaci\u00f3n \u00a0on line&#8221; por la empresa Trivago. Le sigue una compleja ponencia sobre &#8220;La enogastronom\u00eda como fortaleza y oportunidad del destino&#8221;. Pasando a la intervenci\u00f3n de Jes\u00fas Arce director de Turismo Andaluz que intervendr\u00e1 en la mesa redonda que dar\u00e1 paso a la clausura de la directora general de Calidad, Innovaci\u00f3n y Fomento del Turismo de la Consejer\u00eda de Turismo, Manuela Gonz\u00e1lez Ma\u00f1as. Pienso que puede resultar \u00fatil estas jornadas para divulgar y poner en valor esta notable y bella comarca almeriense, plena de autenticidad y sabores at\u00e1vicos.<\/p>\n<!-- AddThis Advanced Settings generic via filter on the_content --><!-- AddThis Share Buttons generic via filter on the_content -->","protected":false},"excerpt":{"rendered":"<p>Los d\u00edas 31 de este mes y 1 de octubre se realizan en Laujar de Andar\u00e1x y Fond\u00f3n, de la Alpujarra almeriense, unas jornadas de trabajo dedicadas y pensadas para los empresarios del mundo hostelero, alimentario y bodeguero de la zona. As\u00ed como para un grupo de agentes de viajes que han sido invitados a [&hellip;]<!-- AddThis Advanced Settings generic via filter on get_the_excerpt --><!-- AddThis Share Buttons generic via filter on get_the_excerpt --><\/p>\n","protected":false},"author":5,"featured_media":0,"comment_status":"open","ping_status":"open","sticky":false,"template":"","format":"standard","meta":[],"categories":[3,5],"tags":[],"_links":{"self":[{"href":"https:\/\/blogs.ideal.es\/cocina\/wp-json\/wp\/v2\/posts\/1246"}],"collection":[{"href":"https:\/\/blogs.ideal.es\/cocina\/wp-json\/wp\/v2\/posts"}],"about":[{"href":"https:\/\/blogs.ideal.es\/cocina\/wp-json\/wp\/v2\/types\/post"}],"author":[{"embeddable":true,"href":"https:\/\/blogs.ideal.es\/cocina\/wp-json\/wp\/v2\/users\/5"}],"replies":[{"embeddable":true,"href":"https:\/\/blogs.ideal.es\/cocina\/wp-json\/wp\/v2\/comments?post=1246"}],"version-history":[{"count":0,"href":"https:\/\/blogs.ideal.es\/cocina\/wp-json\/wp\/v2\/posts\/1246\/revisions"}],"wp:attachment":[{"href":"https:\/\/blogs.ideal.es\/cocina\/wp-json\/wp\/v2\/media?parent=1246"}],"wp:term":[{"taxonomy":"category","embeddable":true,"href":"https:\/\/blogs.ideal.es\/cocina\/wp-json\/wp\/v2\/categories?post=1246"},{"taxonomy":"post_tag","embeddable":true,"href":"https:\/\/blogs.ideal.es\/cocina\/wp-json\/wp\/v2\/tags?post=1246"}],"curies":[{"name":"wp","href":"https:\/\/api.w.org\/{rel}","templated":true}]}}