{"id":1249,"date":"2013-10-02T19:25:42","date_gmt":"2013-10-02T18:25:42","guid":{"rendered":"http:\/\/blogs.ideal.es\/cocina\/?p=1249"},"modified":"2013-10-02T19:25:42","modified_gmt":"2013-10-02T18:25:42","slug":"acerolas-frutas-de-otono-con-la-patrona","status":"publish","type":"post","link":"https:\/\/blogs.ideal.es\/cocina\/2013\/10\/02\/acerolas-frutas-de-otono-con-la-patrona\/","title":{"rendered":"Acerolas, frutas de oto\u00f1o con la Patrona"},"content":{"rendered":"<p><a href=\"\/cocina\/wp-content\/uploads\/sites\/9\/2013\/10\/280913.jpg\"><img loading=\"lazy\" class=\"aligncenter size-medium wp-image-1250\" title=\"280913\" src=\"\/cocina\/wp-content\/uploads\/sites\/9\/2013\/10\/280913-300x191.jpg\" alt=\"\" width=\"300\" height=\"191\" srcset=\"https:\/\/static-blogs.ideal.es\/wp-content\/uploads\/sites\/9\/2013\/10\/280913-300x191.jpg 300w, https:\/\/static-blogs.ideal.es\/wp-content\/uploads\/sites\/9\/2013\/10\/280913.jpg 648w\" sizes=\"(max-width: 300px) 100vw, 300px\" \/><\/a><\/p>\n<p>Comienza el mercado de &#8220;La Virgen&#8221; y entre las frutas cl\u00e1sicas no faltan las acerolas. Tiene gran cantidad de vitamina C, siendo la tercera fruta con mayor cantidad de \u00e1cido asc\u00f3rbico tras el Camu-Camu y el Kakadu. Por cada 100 gr de pulpa, tiene 20 o 30 veces m\u00e1s que una naranja. Tambi\u00e9n es rica en otros nutrientes como las vitaminas B6, B1, A, flavonoides, etc. Y son parte del paisaje y de nuestros sabores<\/p>\n<!-- AddThis Advanced Settings generic via filter on the_content --><!-- AddThis Share Buttons generic via filter on the_content -->","protected":false},"excerpt":{"rendered":"<p>Comienza el mercado de &#8220;La Virgen&#8221; y entre las frutas cl\u00e1sicas no faltan las acerolas. Tiene gran cantidad de vitamina C, siendo la tercera fruta con mayor cantidad de \u00e1cido asc\u00f3rbico tras el Camu-Camu y el Kakadu. Por cada 100 gr de pulpa, tiene 20 o 30 veces m\u00e1s que una naranja. Tambi\u00e9n es rica [&hellip;]<!-- AddThis Advanced Settings generic via filter on get_the_excerpt --><!-- AddThis Share Buttons generic via filter on get_the_excerpt --><\/p>\n","protected":false},"author":5,"featured_media":0,"comment_status":"open","ping_status":"open","sticky":false,"template":"","format":"standard","meta":[],"categories":[8],"tags":[],"_links":{"self":[{"href":"https:\/\/blogs.ideal.es\/cocina\/wp-json\/wp\/v2\/posts\/1249"}],"collection":[{"href":"https:\/\/blogs.ideal.es\/cocina\/wp-json\/wp\/v2\/posts"}],"about":[{"href":"https:\/\/blogs.ideal.es\/cocina\/wp-json\/wp\/v2\/types\/post"}],"author":[{"embeddable":true,"href":"https:\/\/blogs.ideal.es\/cocina\/wp-json\/wp\/v2\/users\/5"}],"replies":[{"embeddable":true,"href":"https:\/\/blogs.ideal.es\/cocina\/wp-json\/wp\/v2\/comments?post=1249"}],"version-history":[{"count":0,"href":"https:\/\/blogs.ideal.es\/cocina\/wp-json\/wp\/v2\/posts\/1249\/revisions"}],"wp:attachment":[{"href":"https:\/\/blogs.ideal.es\/cocina\/wp-json\/wp\/v2\/media?parent=1249"}],"wp:term":[{"taxonomy":"category","embeddable":true,"href":"https:\/\/blogs.ideal.es\/cocina\/wp-json\/wp\/v2\/categories?post=1249"},{"taxonomy":"post_tag","embeddable":true,"href":"https:\/\/blogs.ideal.es\/cocina\/wp-json\/wp\/v2\/tags?post=1249"}],"curies":[{"name":"wp","href":"https:\/\/api.w.org\/{rel}","templated":true}]}}