{"id":1259,"date":"2013-10-06T11:09:22","date_gmt":"2013-10-06T10:09:22","guid":{"rendered":"http:\/\/blogs.ideal.es\/cocina\/?p=1259"},"modified":"2013-10-06T11:09:22","modified_gmt":"2013-10-06T10:09:22","slug":"la-alacena-de-maria-en-laujar-de-andarax","status":"publish","type":"post","link":"https:\/\/blogs.ideal.es\/cocina\/2013\/10\/06\/la-alacena-de-maria-en-laujar-de-andarax\/","title":{"rendered":"La Alacena de Mar\u00eda en Laujar de Andarax"},"content":{"rendered":"<p>Me ha costado encontrar corriendo una foto de Mar\u00eda. La que se sit\u00faa con un trofeo a la derecha de la foto. Ella es un empresaria activa que regenta en el pueblo almeriense de Laujar un negocio especializado en la gastronom\u00eda y vinos de la comarca. A la vez siendo punto oficial de informaci\u00f3n tur\u00edstica. Una buena idea, pues de camino que se compran unos vinos, queso y embutidos se informa de lo bueno de la zona<\/p>\n<!-- AddThis Advanced Settings generic via filter on the_content --><!-- AddThis Share Buttons generic via filter on the_content -->","protected":false},"excerpt":{"rendered":"<p>Me ha costado encontrar corriendo una foto de Mar\u00eda. La que se sit\u00faa con un trofeo a la derecha de la foto. Ella es un empresaria activa que regenta en el pueblo almeriense de Laujar un negocio especializado en la gastronom\u00eda y vinos de la comarca. A la vez siendo punto oficial de informaci\u00f3n tur\u00edstica. [&hellip;]<!-- AddThis Advanced Settings generic via filter on get_the_excerpt --><!-- AddThis Share Buttons generic via filter on get_the_excerpt --><\/p>\n","protected":false},"author":5,"featured_media":0,"comment_status":"open","ping_status":"open","sticky":false,"template":"","format":"standard","meta":[],"categories":[3],"tags":[],"_links":{"self":[{"href":"https:\/\/blogs.ideal.es\/cocina\/wp-json\/wp\/v2\/posts\/1259"}],"collection":[{"href":"https:\/\/blogs.ideal.es\/cocina\/wp-json\/wp\/v2\/posts"}],"about":[{"href":"https:\/\/blogs.ideal.es\/cocina\/wp-json\/wp\/v2\/types\/post"}],"author":[{"embeddable":true,"href":"https:\/\/blogs.ideal.es\/cocina\/wp-json\/wp\/v2\/users\/5"}],"replies":[{"embeddable":true,"href":"https:\/\/blogs.ideal.es\/cocina\/wp-json\/wp\/v2\/comments?post=1259"}],"version-history":[{"count":0,"href":"https:\/\/blogs.ideal.es\/cocina\/wp-json\/wp\/v2\/posts\/1259\/revisions"}],"wp:attachment":[{"href":"https:\/\/blogs.ideal.es\/cocina\/wp-json\/wp\/v2\/media?parent=1259"}],"wp:term":[{"taxonomy":"category","embeddable":true,"href":"https:\/\/blogs.ideal.es\/cocina\/wp-json\/wp\/v2\/categories?post=1259"},{"taxonomy":"post_tag","embeddable":true,"href":"https:\/\/blogs.ideal.es\/cocina\/wp-json\/wp\/v2\/tags?post=1259"}],"curies":[{"name":"wp","href":"https:\/\/api.w.org\/{rel}","templated":true}]}}