{"id":1261,"date":"2013-10-06T11:25:15","date_gmt":"2013-10-06T10:25:15","guid":{"rendered":"http:\/\/blogs.ideal.es\/cocina\/?p=1261"},"modified":"2013-10-06T11:25:15","modified_gmt":"2013-10-06T10:25:15","slug":"guias-de-atenas-milan-y-los-lagos-en-lonely-planet","status":"publish","type":"post","link":"https:\/\/blogs.ideal.es\/cocina\/2013\/10\/06\/guias-de-atenas-milan-y-los-lagos-en-lonely-planet\/","title":{"rendered":"Gu\u00edas de Atenas, Mil\u00e1n y los lagos en Lonely Planet"},"content":{"rendered":"<p><a href=\"\/cocina\/wp-content\/uploads\/sites\/9\/2013\/10\/031013.jpg\"><img loading=\"lazy\" class=\"aligncenter size-medium wp-image-1262\" title=\"031013\" src=\"\/cocina\/wp-content\/uploads\/sites\/9\/2013\/10\/031013-139x300.jpg\" alt=\"\" width=\"139\" height=\"300\" srcset=\"https:\/\/static-blogs.ideal.es\/wp-content\/uploads\/sites\/9\/2013\/10\/031013-139x300.jpg 139w, https:\/\/static-blogs.ideal.es\/wp-content\/uploads\/sites\/9\/2013\/10\/031013.jpg 417w\" sizes=\"(max-width: 139px) 100vw, 139px\" \/><\/a><\/p>\n<p>Muchas veces da &#8220;much\u00edsima&#8221; pereza y tirando de un tocho gu\u00eda mientras andamos de turistas por esos monumentos y ciudades de D\u00edos. Por eso me encanta el formato que ofrece el grupo Lonely Planet en su serie &#8220;de cerca&#8221;. Tama\u00f1o de bolsillo, pero incluye lo mejor, en este caso de Atenas y de Mil\u00e1n y los lagos, la informaci\u00f3n sobre la vida local y una gu\u00eda pr\u00e1ctica \u00a0con pistas para beber, comer y dormir en lo m\u00e1s id\u00f3neo<\/p>\n<p>&nbsp;<\/p>\n<!-- AddThis Advanced Settings generic via filter on the_content --><!-- AddThis Share Buttons generic via filter on the_content -->","protected":false},"excerpt":{"rendered":"<p>Muchas veces da &#8220;much\u00edsima&#8221; pereza y tirando de un tocho gu\u00eda mientras andamos de turistas por esos monumentos y ciudades de D\u00edos. Por eso me encanta el formato que ofrece el grupo Lonely Planet en su serie &#8220;de cerca&#8221;. Tama\u00f1o de bolsillo, pero incluye lo mejor, en este caso de Atenas y de Mil\u00e1n y [&hellip;]<!-- AddThis Advanced Settings generic via filter on get_the_excerpt --><!-- AddThis Share Buttons generic via filter on get_the_excerpt --><\/p>\n","protected":false},"author":5,"featured_media":0,"comment_status":"open","ping_status":"open","sticky":false,"template":"","format":"standard","meta":[],"categories":[3,10],"tags":[],"_links":{"self":[{"href":"https:\/\/blogs.ideal.es\/cocina\/wp-json\/wp\/v2\/posts\/1261"}],"collection":[{"href":"https:\/\/blogs.ideal.es\/cocina\/wp-json\/wp\/v2\/posts"}],"about":[{"href":"https:\/\/blogs.ideal.es\/cocina\/wp-json\/wp\/v2\/types\/post"}],"author":[{"embeddable":true,"href":"https:\/\/blogs.ideal.es\/cocina\/wp-json\/wp\/v2\/users\/5"}],"replies":[{"embeddable":true,"href":"https:\/\/blogs.ideal.es\/cocina\/wp-json\/wp\/v2\/comments?post=1261"}],"version-history":[{"count":0,"href":"https:\/\/blogs.ideal.es\/cocina\/wp-json\/wp\/v2\/posts\/1261\/revisions"}],"wp:attachment":[{"href":"https:\/\/blogs.ideal.es\/cocina\/wp-json\/wp\/v2\/media?parent=1261"}],"wp:term":[{"taxonomy":"category","embeddable":true,"href":"https:\/\/blogs.ideal.es\/cocina\/wp-json\/wp\/v2\/categories?post=1261"},{"taxonomy":"post_tag","embeddable":true,"href":"https:\/\/blogs.ideal.es\/cocina\/wp-json\/wp\/v2\/tags?post=1261"}],"curies":[{"name":"wp","href":"https:\/\/api.w.org\/{rel}","templated":true}]}}