{"id":1276,"date":"2013-10-11T19:33:13","date_gmt":"2013-10-11T18:33:13","guid":{"rendered":"http:\/\/blogs.ideal.es\/cocina\/?p=1276"},"modified":"2013-10-11T19:33:13","modified_gmt":"2013-10-11T18:33:13","slug":"cocas-levantinas-de-naranjas-lola","status":"publish","type":"post","link":"https:\/\/blogs.ideal.es\/cocina\/2013\/10\/11\/cocas-levantinas-de-naranjas-lola\/","title":{"rendered":"Cocas levantinas de Naranjas Lola"},"content":{"rendered":"<p><a href=\"\/cocina\/wp-content\/uploads\/sites\/9\/2013\/10\/081013.jpg\"><img loading=\"lazy\" class=\"aligncenter size-medium wp-image-1277\" title=\"081013\" src=\"\/cocina\/wp-content\/uploads\/sites\/9\/2013\/10\/081013-300x206.jpg\" alt=\"\" width=\"300\" height=\"206\" \/><\/a><\/p>\n<p>La famosa y familiar empresa de Gandia, Naranjas Lola, no solo tiene entre sus productos su c\u00edtricos. Dentro de la gama de art\u00edculos que ellos producen y se pueden comprar por internet, se encuentran las cocas. Unas tortas levantinas tradicionales. Un dulce t\u00edpico del levante espa\u00f1ol. La coca de almendra es uno de los dulces m\u00e1s t\u00edpicos de Gand\u00eda y tambi\u00e9n hacen de pasas, nueces y d\u00e1tiles. www.naranjaslola.com<\/p>\n<!-- AddThis Advanced Settings generic via filter on the_content --><!-- AddThis Share Buttons generic via filter on the_content -->","protected":false},"excerpt":{"rendered":"<p>La famosa y familiar empresa de Gandia, Naranjas Lola, no solo tiene entre sus productos su c\u00edtricos. Dentro de la gama de art\u00edculos que ellos producen y se pueden comprar por internet, se encuentran las cocas. Unas tortas levantinas tradicionales. Un dulce t\u00edpico del levante espa\u00f1ol. La coca de almendra es uno de los dulces [&hellip;]<!-- AddThis Advanced Settings generic via filter on get_the_excerpt --><!-- AddThis Share Buttons generic via filter on get_the_excerpt --><\/p>\n","protected":false},"author":5,"featured_media":0,"comment_status":"open","ping_status":"open","sticky":false,"template":"","format":"standard","meta":[],"categories":[3,4,8],"tags":[],"_links":{"self":[{"href":"https:\/\/blogs.ideal.es\/cocina\/wp-json\/wp\/v2\/posts\/1276"}],"collection":[{"href":"https:\/\/blogs.ideal.es\/cocina\/wp-json\/wp\/v2\/posts"}],"about":[{"href":"https:\/\/blogs.ideal.es\/cocina\/wp-json\/wp\/v2\/types\/post"}],"author":[{"embeddable":true,"href":"https:\/\/blogs.ideal.es\/cocina\/wp-json\/wp\/v2\/users\/5"}],"replies":[{"embeddable":true,"href":"https:\/\/blogs.ideal.es\/cocina\/wp-json\/wp\/v2\/comments?post=1276"}],"version-history":[{"count":0,"href":"https:\/\/blogs.ideal.es\/cocina\/wp-json\/wp\/v2\/posts\/1276\/revisions"}],"wp:attachment":[{"href":"https:\/\/blogs.ideal.es\/cocina\/wp-json\/wp\/v2\/media?parent=1276"}],"wp:term":[{"taxonomy":"category","embeddable":true,"href":"https:\/\/blogs.ideal.es\/cocina\/wp-json\/wp\/v2\/categories?post=1276"},{"taxonomy":"post_tag","embeddable":true,"href":"https:\/\/blogs.ideal.es\/cocina\/wp-json\/wp\/v2\/tags?post=1276"}],"curies":[{"name":"wp","href":"https:\/\/api.w.org\/{rel}","templated":true}]}}