{"id":1280,"date":"2013-10-14T18:13:05","date_gmt":"2013-10-14T17:13:05","guid":{"rendered":"http:\/\/blogs.ideal.es\/cocina\/?p=1280"},"modified":"2013-10-14T18:13:05","modified_gmt":"2013-10-14T17:13:05","slug":"apoyo-a-la-alpujarra-de-la-guia-restauradores","status":"publish","type":"post","link":"https:\/\/blogs.ideal.es\/cocina\/2013\/10\/14\/apoyo-a-la-alpujarra-de-la-guia-restauradores\/","title":{"rendered":"Apoyo a la Alpujarra de la Gu\u00eda Restauradores"},"content":{"rendered":"<p><a href=\"\/cocina\/wp-content\/uploads\/sites\/9\/2013\/10\/111013.jpg\"><img loading=\"lazy\" class=\"aligncenter size-medium wp-image-1281\" title=\"111013\" src=\"\/cocina\/wp-content\/uploads\/sites\/9\/2013\/10\/111013-298x300.jpg\" alt=\"\" width=\"298\" height=\"300\" srcset=\"https:\/\/static-blogs.ideal.es\/wp-content\/uploads\/sites\/9\/2013\/10\/111013-298x300.jpg 298w, https:\/\/static-blogs.ideal.es\/wp-content\/uploads\/sites\/9\/2013\/10\/111013-150x150.jpg 150w, https:\/\/static-blogs.ideal.es\/wp-content\/uploads\/sites\/9\/2013\/10\/111013-768x773.jpg 768w, https:\/\/static-blogs.ideal.es\/wp-content\/uploads\/sites\/9\/2013\/10\/111013.jpg 900w\" sizes=\"(max-width: 298px) 100vw, 298px\" \/><\/a><\/p>\n<p>La mejor y m\u00e1s antigua revista de gastronom\u00eda, restaurantes y vinos que se publica en la actualidad en Espa\u00f1a, publica sobre la Alpujarra. A ra\u00edz de la entrega de su premio anual a este su diario IDEAL, su editora, Amparo Humanes, se interes\u00f3 sobre la candidatura a &#8220;Patrimonio de la Humanidad&#8221;. Encarg\u00e1ndome un amplio reportaje sobre esta comarca. La gu\u00eda es nacional y tiene una inmensa tirada y gran difusi\u00f3n<\/p>\n<p>&nbsp;<\/p>\n<!-- AddThis Advanced Settings generic via filter on the_content --><!-- AddThis Share Buttons generic via filter on the_content -->","protected":false},"excerpt":{"rendered":"<p>La mejor y m\u00e1s antigua revista de gastronom\u00eda, restaurantes y vinos que se publica en la actualidad en Espa\u00f1a, publica sobre la Alpujarra. A ra\u00edz de la entrega de su premio anual a este su diario IDEAL, su editora, Amparo Humanes, se interes\u00f3 sobre la candidatura a &#8220;Patrimonio de la Humanidad&#8221;. Encarg\u00e1ndome un amplio reportaje [&hellip;]<!-- AddThis Advanced Settings generic via filter on get_the_excerpt --><!-- AddThis Share Buttons generic via filter on get_the_excerpt --><\/p>\n","protected":false},"author":5,"featured_media":0,"comment_status":"open","ping_status":"open","sticky":false,"template":"","format":"standard","meta":[],"categories":[3],"tags":[],"_links":{"self":[{"href":"https:\/\/blogs.ideal.es\/cocina\/wp-json\/wp\/v2\/posts\/1280"}],"collection":[{"href":"https:\/\/blogs.ideal.es\/cocina\/wp-json\/wp\/v2\/posts"}],"about":[{"href":"https:\/\/blogs.ideal.es\/cocina\/wp-json\/wp\/v2\/types\/post"}],"author":[{"embeddable":true,"href":"https:\/\/blogs.ideal.es\/cocina\/wp-json\/wp\/v2\/users\/5"}],"replies":[{"embeddable":true,"href":"https:\/\/blogs.ideal.es\/cocina\/wp-json\/wp\/v2\/comments?post=1280"}],"version-history":[{"count":0,"href":"https:\/\/blogs.ideal.es\/cocina\/wp-json\/wp\/v2\/posts\/1280\/revisions"}],"wp:attachment":[{"href":"https:\/\/blogs.ideal.es\/cocina\/wp-json\/wp\/v2\/media?parent=1280"}],"wp:term":[{"taxonomy":"category","embeddable":true,"href":"https:\/\/blogs.ideal.es\/cocina\/wp-json\/wp\/v2\/categories?post=1280"},{"taxonomy":"post_tag","embeddable":true,"href":"https:\/\/blogs.ideal.es\/cocina\/wp-json\/wp\/v2\/tags?post=1280"}],"curies":[{"name":"wp","href":"https:\/\/api.w.org\/{rel}","templated":true}]}}