{"id":1294,"date":"2013-10-25T09:22:06","date_gmt":"2013-10-25T08:22:06","guid":{"rendered":"http:\/\/blogs.ideal.es\/cocina\/?p=1294"},"modified":"2013-10-25T09:22:06","modified_gmt":"2013-10-25T08:22:06","slug":"la-noche-blanca-del-chikito-para-toda-su-gente-y-amigos","status":"publish","type":"post","link":"https:\/\/blogs.ideal.es\/cocina\/2013\/10\/25\/la-noche-blanca-del-chikito-para-toda-su-gente-y-amigos\/","title":{"rendered":"La &#8220;noche blanca&#8221; del Chikito para  toda su gente y amigos"},"content":{"rendered":"<p>Todos sabemos que Luis Oruezabal es millonario. Y ahora me refiero en amigos. Siempre generoso y el primer colaborador con la ciudad que le quiere, como acaba de demostrarse con los dos \u00faltimos premios. Este s\u00e1bado desde las 23:30 hasta las 4:00 de la madrugada en la terraza se degustar\u00e1 un jam\u00f3n \u201cRetinto Gran Reserva\u201d de El Veleta de la sierra de Baza, con corte a cuchillo, d\u00e1ndose una tapa de jam\u00f3n gratis con cada consumici\u00f3n. La cocina estar\u00e1 abierta hasta finalizar la velada. Tambi\u00e9n contar\u00e1 con varios stands con precios especiales para la ocasi\u00f3n<\/p>\n<p>Lugar: Restaurante Chikito<br \/>\nDirecci\u00f3n: Plaza del Campillo, 7 Granada (aparcamientos al lado)<br \/>\nTel\u00e9fono: 958 22 33 64.<br \/>\nPrecios: Los vinos estar\u00e1n a 2 euros, el gin tonic con ginebra Master\u2019s y t\u00f3nica Metonic Premium.a 4,50 euros y los combinados de ron Barcel\u00f3 a\u00f1ejo con refrescos a 4,50 euros. El caf\u00e9 Lavazza a 1,00 euro y si es carajillo a 1,25 euros. Todos los refrescos de coca cola 1,50 euros y se regalar\u00e1n a los clientes miniaturas de Amareto, Alma de Magno, etc<\/p>\n<!-- AddThis Advanced Settings generic via filter on the_content --><!-- AddThis Share Buttons generic via filter on the_content -->","protected":false},"excerpt":{"rendered":"<p>Todos sabemos que Luis Oruezabal es millonario. Y ahora me refiero en amigos. Siempre generoso y el primer colaborador con la ciudad que le quiere, como acaba de demostrarse con los dos \u00faltimos premios. Este s\u00e1bado desde las 23:30 hasta las 4:00 de la madrugada en la terraza se degustar\u00e1 un jam\u00f3n \u201cRetinto Gran Reserva\u201d [&hellip;]<!-- AddThis Advanced Settings generic via filter on get_the_excerpt --><!-- AddThis Share Buttons generic via filter on get_the_excerpt --><\/p>\n","protected":false},"author":5,"featured_media":0,"comment_status":"open","ping_status":"open","sticky":false,"template":"","format":"standard","meta":[],"categories":[3],"tags":[],"_links":{"self":[{"href":"https:\/\/blogs.ideal.es\/cocina\/wp-json\/wp\/v2\/posts\/1294"}],"collection":[{"href":"https:\/\/blogs.ideal.es\/cocina\/wp-json\/wp\/v2\/posts"}],"about":[{"href":"https:\/\/blogs.ideal.es\/cocina\/wp-json\/wp\/v2\/types\/post"}],"author":[{"embeddable":true,"href":"https:\/\/blogs.ideal.es\/cocina\/wp-json\/wp\/v2\/users\/5"}],"replies":[{"embeddable":true,"href":"https:\/\/blogs.ideal.es\/cocina\/wp-json\/wp\/v2\/comments?post=1294"}],"version-history":[{"count":0,"href":"https:\/\/blogs.ideal.es\/cocina\/wp-json\/wp\/v2\/posts\/1294\/revisions"}],"wp:attachment":[{"href":"https:\/\/blogs.ideal.es\/cocina\/wp-json\/wp\/v2\/media?parent=1294"}],"wp:term":[{"taxonomy":"category","embeddable":true,"href":"https:\/\/blogs.ideal.es\/cocina\/wp-json\/wp\/v2\/categories?post=1294"},{"taxonomy":"post_tag","embeddable":true,"href":"https:\/\/blogs.ideal.es\/cocina\/wp-json\/wp\/v2\/tags?post=1294"}],"curies":[{"name":"wp","href":"https:\/\/api.w.org\/{rel}","templated":true}]}}