{"id":1315,"date":"2013-11-07T15:24:44","date_gmt":"2013-11-07T14:24:44","guid":{"rendered":"http:\/\/blogs.ideal.es\/cocina\/?p=1315"},"modified":"2013-11-07T15:24:44","modified_gmt":"2013-11-07T14:24:44","slug":"las-peculiares-pruebas-de-boda-culinarias","status":"publish","type":"post","link":"https:\/\/blogs.ideal.es\/cocina\/2013\/11\/07\/las-peculiares-pruebas-de-boda-culinarias\/","title":{"rendered":"Las peculiares &#8220;pruebas de boda&#8221; culinarias"},"content":{"rendered":"<p>men\u00fas<br \/>\nEs normal catar el men\u00fa que se servir\u00e1 en una boda. Algunos llevan hasta la abuela para opinar. Pero el problema es otro m\u00e1s delicado. La mayor\u00eda de veces los platos que se degustan en &#8220;la prueba&#8221;, solo se parecen en el nombre, cuando los sirven el d\u00eda de la boda. Un catering me dijo: &#8220;es que el men\u00fa era para 300 personas&#8221;. \u00a1Que profesionales&#8230;!<\/p>\n<!-- AddThis Advanced Settings generic via filter on the_content --><!-- AddThis Share Buttons generic via filter on the_content -->","protected":false},"excerpt":{"rendered":"<p>men\u00fas Es normal catar el men\u00fa que se servir\u00e1 en una boda. Algunos llevan hasta la abuela para opinar. Pero el problema es otro m\u00e1s delicado. La mayor\u00eda de veces los platos que se degustan en &#8220;la prueba&#8221;, solo se parecen en el nombre, cuando los sirven el d\u00eda de la boda. Un catering me [&hellip;]<!-- AddThis Advanced Settings generic via filter on get_the_excerpt --><!-- AddThis Share Buttons generic via filter on get_the_excerpt --><\/p>\n","protected":false},"author":5,"featured_media":0,"comment_status":"open","ping_status":"open","sticky":false,"template":"","format":"standard","meta":[],"categories":[3],"tags":[],"_links":{"self":[{"href":"https:\/\/blogs.ideal.es\/cocina\/wp-json\/wp\/v2\/posts\/1315"}],"collection":[{"href":"https:\/\/blogs.ideal.es\/cocina\/wp-json\/wp\/v2\/posts"}],"about":[{"href":"https:\/\/blogs.ideal.es\/cocina\/wp-json\/wp\/v2\/types\/post"}],"author":[{"embeddable":true,"href":"https:\/\/blogs.ideal.es\/cocina\/wp-json\/wp\/v2\/users\/5"}],"replies":[{"embeddable":true,"href":"https:\/\/blogs.ideal.es\/cocina\/wp-json\/wp\/v2\/comments?post=1315"}],"version-history":[{"count":0,"href":"https:\/\/blogs.ideal.es\/cocina\/wp-json\/wp\/v2\/posts\/1315\/revisions"}],"wp:attachment":[{"href":"https:\/\/blogs.ideal.es\/cocina\/wp-json\/wp\/v2\/media?parent=1315"}],"wp:term":[{"taxonomy":"category","embeddable":true,"href":"https:\/\/blogs.ideal.es\/cocina\/wp-json\/wp\/v2\/categories?post=1315"},{"taxonomy":"post_tag","embeddable":true,"href":"https:\/\/blogs.ideal.es\/cocina\/wp-json\/wp\/v2\/tags?post=1315"}],"curies":[{"name":"wp","href":"https:\/\/api.w.org\/{rel}","templated":true}]}}