{"id":1316,"date":"2013-11-14T11:16:08","date_gmt":"2013-11-14T10:16:08","guid":{"rendered":"http:\/\/blogs.ideal.es\/cocina\/?p=1316"},"modified":"2013-11-14T11:16:08","modified_gmt":"2013-11-14T10:16:08","slug":"cocina-taurina-antonio-este-ano-brindamos-por-ti","status":"publish","type":"post","link":"https:\/\/blogs.ideal.es\/cocina\/2013\/11\/14\/cocina-taurina-antonio-este-ano-brindamos-por-ti\/","title":{"rendered":"Cocina taurina. Antonio este a\u00f1o brindamos por ti"},"content":{"rendered":"<p>&#8220;El toro bravo en la cocina&#8221; celebra su XIX edici\u00f3n en Terraza Carmona de \u00a0Vera<\/p>\n<p>En esta ocasi\u00f3n va ser el primer a\u00f1o que falte a su cita anual Antonio Carmona padre. Una muestra culinaria que se basa en lo splatos donde interviene la carne de res brava, a ser posible. Dentro del programa la familia Carmona con Gines y el resto de sus hermanos, gustan de traer a sus fogones un restaurante extranjero. Este a\u00f1o ser\u00e1 el argentino Fika de Buenos Aires. Completandose el cartel con El Doncel de Siguenza, Guadalajara, La Noria de N\u00e1quera en Valencia, Casa Rufino de Isla Cristina Huelva y por supuesto los anfitriones. Las jornadas son del 19 al 22 de noviembre. El precio es de 48 euros m\u00e1s el 10 % de Iva con vinbos incluidos. Cada d\u00eda Terraza Carmona se encargar\u00e1 de preparar los aperitivos de las jornadas y el resto del men\u00fa lo har\u00e1n los restaurantes rese\u00f1ados. Destacar algunos platos que se serviran en las jornadas. Por ejemplo del Fika bonaerense est\u00e1n los bocaditoscon novillo y lances de queso mozarella. Del Doncel de Siguenza hay que probar el bombon de novillo en tartar, polvo de bronce y salicornia o los tiraditos de solomillo de eral, queso manchego y helado de tomillo. De la Noria sus alb\u00f3ndigas de novillo o las Tortitas de jarrete de Utrero con jam\u00f3n ib\u00e9rico de Casa Rufino de Isla Antilla.<br \/>\nUna vez finalizadas las XIX Jornadas Gastron\u00f3micas, (previsiblemente en la segunda semana de diciembre), se celebrar\u00e1 una Gran Gala Taurina , y se entregar\u00e1n por primera vez, tras el fallecimiento de Antonio Carmona Gallardo, los XVII Trofeos Taurinos que llevan su nombre. Acto en el que se invitar\u00e1n a los galardonados, medios de comunicaci\u00f3n y personalidades del mundo taurino con el alcalde de Vera Jos\u00e9 Carmelo Jorge Blanco, a la cabeza. As\u00ed mismo se proyectar\u00e1n unas im\u00e1genes sobre la trayectoria de estos 19 a\u00f1os de jornadas. Una vez finalizada la velada, los invitados podr\u00e1n degustar exquisitas preparaciones culinarias, cuyo ingrediente protagonista es la carne de toro de lidia. Es conveniente hacer la reserva al restaurante Terraza Carmona de Vera, Almer\u00eda. 950 390760. Plazas limitadas. Solo almuerzos<\/p>\n<!-- AddThis Advanced Settings generic via filter on the_content --><!-- AddThis Share Buttons generic via filter on the_content -->","protected":false},"excerpt":{"rendered":"<p>&#8220;El toro bravo en la cocina&#8221; celebra su XIX edici\u00f3n en Terraza Carmona de \u00a0Vera En esta ocasi\u00f3n va ser el primer a\u00f1o que falte a su cita anual Antonio Carmona padre. Una muestra culinaria que se basa en lo splatos donde interviene la carne de res brava, a ser posible. Dentro del programa la [&hellip;]<!-- AddThis Advanced Settings generic via filter on get_the_excerpt --><!-- AddThis Share Buttons generic via filter on get_the_excerpt --><\/p>\n","protected":false},"author":5,"featured_media":0,"comment_status":"open","ping_status":"open","sticky":false,"template":"","format":"standard","meta":[],"categories":[3],"tags":[],"_links":{"self":[{"href":"https:\/\/blogs.ideal.es\/cocina\/wp-json\/wp\/v2\/posts\/1316"}],"collection":[{"href":"https:\/\/blogs.ideal.es\/cocina\/wp-json\/wp\/v2\/posts"}],"about":[{"href":"https:\/\/blogs.ideal.es\/cocina\/wp-json\/wp\/v2\/types\/post"}],"author":[{"embeddable":true,"href":"https:\/\/blogs.ideal.es\/cocina\/wp-json\/wp\/v2\/users\/5"}],"replies":[{"embeddable":true,"href":"https:\/\/blogs.ideal.es\/cocina\/wp-json\/wp\/v2\/comments?post=1316"}],"version-history":[{"count":0,"href":"https:\/\/blogs.ideal.es\/cocina\/wp-json\/wp\/v2\/posts\/1316\/revisions"}],"wp:attachment":[{"href":"https:\/\/blogs.ideal.es\/cocina\/wp-json\/wp\/v2\/media?parent=1316"}],"wp:term":[{"taxonomy":"category","embeddable":true,"href":"https:\/\/blogs.ideal.es\/cocina\/wp-json\/wp\/v2\/categories?post=1316"},{"taxonomy":"post_tag","embeddable":true,"href":"https:\/\/blogs.ideal.es\/cocina\/wp-json\/wp\/v2\/tags?post=1316"}],"curies":[{"name":"wp","href":"https:\/\/api.w.org\/{rel}","templated":true}]}}