{"id":1324,"date":"2013-11-23T19:05:32","date_gmt":"2013-11-23T18:05:32","guid":{"rendered":"http:\/\/blogs.ideal.es\/cocina\/?p=1324"},"modified":"2013-11-23T19:05:32","modified_gmt":"2013-11-23T18:05:32","slug":"nueva-york-y-sus-recetas-de-culto","status":"publish","type":"post","link":"https:\/\/blogs.ideal.es\/cocina\/2013\/11\/23\/nueva-york-y-sus-recetas-de-culto\/","title":{"rendered":"Nueva York y sus recetas de culto"},"content":{"rendered":"<p><a href=\"\/cocina\/wp-content\/uploads\/sites\/9\/2013\/11\/171113.jpg\"><img loading=\"lazy\" class=\"aligncenter size-medium wp-image-1325\" title=\"171113\" src=\"\/cocina\/wp-content\/uploads\/sites\/9\/2013\/11\/171113-230x300.jpg\" alt=\"\" width=\"230\" height=\"300\" \/><\/a><\/p>\n<p>Son muchos los que vuelven de un fugaz viaje a Nueva York diciendo dos cosas: que lo conocen y lo mal que se come all\u00ed. Volvemos a lo mismo. Si nos interesa un m\u00ednimo la gastronom\u00eda, antes de un viaje lea que hay en su destino. Y este libro lo cuenta perfectamente, con su historia, leyendas y or\u00edgenes. En sus 274 p\u00e1ginas la editorial Lunwerg nos descubre que muchas recetas de la &#8220;gran manzana&#8221; son de origen hebreo o italiano. Libro muy a disfrutar para leer y para cocinar pues lleva recetas y buenas fotos<\/p>\n<!-- AddThis Advanced Settings generic via filter on the_content --><!-- AddThis Share Buttons generic via filter on the_content -->","protected":false},"excerpt":{"rendered":"<p>Son muchos los que vuelven de un fugaz viaje a Nueva York diciendo dos cosas: que lo conocen y lo mal que se come all\u00ed. Volvemos a lo mismo. Si nos interesa un m\u00ednimo la gastronom\u00eda, antes de un viaje lea que hay en su destino. Y este libro lo cuenta perfectamente, con su historia, [&hellip;]<!-- AddThis Advanced Settings generic via filter on get_the_excerpt --><!-- AddThis Share Buttons generic via filter on get_the_excerpt --><\/p>\n","protected":false},"author":5,"featured_media":0,"comment_status":"open","ping_status":"open","sticky":false,"template":"","format":"standard","meta":[],"categories":[10],"tags":[],"_links":{"self":[{"href":"https:\/\/blogs.ideal.es\/cocina\/wp-json\/wp\/v2\/posts\/1324"}],"collection":[{"href":"https:\/\/blogs.ideal.es\/cocina\/wp-json\/wp\/v2\/posts"}],"about":[{"href":"https:\/\/blogs.ideal.es\/cocina\/wp-json\/wp\/v2\/types\/post"}],"author":[{"embeddable":true,"href":"https:\/\/blogs.ideal.es\/cocina\/wp-json\/wp\/v2\/users\/5"}],"replies":[{"embeddable":true,"href":"https:\/\/blogs.ideal.es\/cocina\/wp-json\/wp\/v2\/comments?post=1324"}],"version-history":[{"count":0,"href":"https:\/\/blogs.ideal.es\/cocina\/wp-json\/wp\/v2\/posts\/1324\/revisions"}],"wp:attachment":[{"href":"https:\/\/blogs.ideal.es\/cocina\/wp-json\/wp\/v2\/media?parent=1324"}],"wp:term":[{"taxonomy":"category","embeddable":true,"href":"https:\/\/blogs.ideal.es\/cocina\/wp-json\/wp\/v2\/categories?post=1324"},{"taxonomy":"post_tag","embeddable":true,"href":"https:\/\/blogs.ideal.es\/cocina\/wp-json\/wp\/v2\/tags?post=1324"}],"curies":[{"name":"wp","href":"https:\/\/api.w.org\/{rel}","templated":true}]}}