{"id":1341,"date":"2013-12-06T13:52:44","date_gmt":"2013-12-06T12:52:44","guid":{"rendered":"http:\/\/blogs.ideal.es\/cocina\/?p=1341"},"modified":"2013-12-06T13:52:44","modified_gmt":"2013-12-06T12:52:44","slug":"los-arroces-y-la-calma-del-parador-de-benicarlo","status":"publish","type":"post","link":"https:\/\/blogs.ideal.es\/cocina\/2013\/12\/06\/los-arroces-y-la-calma-del-parador-de-benicarlo\/","title":{"rendered":"Los arroces y la calma del Parador de Benicarl\u00f3"},"content":{"rendered":"<p><a href=\"\/cocina\/wp-content\/uploads\/sites\/9\/2013\/12\/Foto-media-301113-A.jpg\"><img loading=\"lazy\" class=\"aligncenter size-medium wp-image-1342\" title=\"Foto media 301113 A\" src=\"\/cocina\/wp-content\/uploads\/sites\/9\/2013\/12\/Foto-media-301113-A-300x122.jpg\" alt=\"\" width=\"300\" height=\"122\" srcset=\"https:\/\/static-blogs.ideal.es\/wp-content\/uploads\/sites\/9\/2013\/12\/Foto-media-301113-A-300x122.jpg 300w, https:\/\/static-blogs.ideal.es\/wp-content\/uploads\/sites\/9\/2013\/12\/Foto-media-301113-A.jpg 540w\" sizes=\"(max-width: 300px) 100vw, 300px\" \/><\/a><\/p>\n<p>Ahora esta poblaci\u00f3n castellonense es toda calma, y les recomiendo recalar en su grat\u00edsimo parador al filo del mar. Pero si se va a la comunidad valenciana y no se come un arroz, de cualquier tipo, parece que no se estuvo del todo. Y una de las mejores gamas de arroces las tiene el restaurante de este parador que su director Ferm\u00edn Mart\u00edn, cuida en todos los detalles y entre ellos la gastronom\u00eda de la casa. La carta est\u00e1 especializada en arroces, pescados y mariscos de la cocina mediterr\u00e1nea, preparados al estilo. Atento servicio de recepci\u00f3n y comedores<\/p>\n<p><strong>Lugar:<\/strong> Parador de Benicarl\u00f3<br \/>\n<strong>Direcci\u00f3n:<\/strong>\u00a0 Avda. Papa Luna, 5 Benicarl\u00f3, Castell\u00f3n<br \/>\n<strong>Tel\u00e9fono:<\/strong> 964 470100<br \/>\nComedores: Hay comedor principal, amplios salones para celebraciones y su arroceria frente al mar<br \/>\nPrecio men\u00fa: 33 euros<br \/>\nPlatos: En arroces hay: negro, caldos con conejo y esp\u00e1rragos, meloso con bogavante, de verduras, paella valenciana, arrosetjat de gambas con chopitos y fideua de mariscos. Suquet de rape y langostinos<\/p>\n<!-- AddThis Advanced Settings generic via filter on the_content --><!-- AddThis Share Buttons generic via filter on the_content -->","protected":false},"excerpt":{"rendered":"<p>Ahora esta poblaci\u00f3n castellonense es toda calma, y les recomiendo recalar en su grat\u00edsimo parador al filo del mar. Pero si se va a la comunidad valenciana y no se come un arroz, de cualquier tipo, parece que no se estuvo del todo. Y una de las mejores gamas de arroces las tiene el restaurante [&hellip;]<!-- AddThis Advanced Settings generic via filter on get_the_excerpt --><!-- AddThis Share Buttons generic via filter on get_the_excerpt --><\/p>\n","protected":false},"author":5,"featured_media":0,"comment_status":"open","ping_status":"open","sticky":false,"template":"","format":"standard","meta":[],"categories":[3],"tags":[],"_links":{"self":[{"href":"https:\/\/blogs.ideal.es\/cocina\/wp-json\/wp\/v2\/posts\/1341"}],"collection":[{"href":"https:\/\/blogs.ideal.es\/cocina\/wp-json\/wp\/v2\/posts"}],"about":[{"href":"https:\/\/blogs.ideal.es\/cocina\/wp-json\/wp\/v2\/types\/post"}],"author":[{"embeddable":true,"href":"https:\/\/blogs.ideal.es\/cocina\/wp-json\/wp\/v2\/users\/5"}],"replies":[{"embeddable":true,"href":"https:\/\/blogs.ideal.es\/cocina\/wp-json\/wp\/v2\/comments?post=1341"}],"version-history":[{"count":0,"href":"https:\/\/blogs.ideal.es\/cocina\/wp-json\/wp\/v2\/posts\/1341\/revisions"}],"wp:attachment":[{"href":"https:\/\/blogs.ideal.es\/cocina\/wp-json\/wp\/v2\/media?parent=1341"}],"wp:term":[{"taxonomy":"category","embeddable":true,"href":"https:\/\/blogs.ideal.es\/cocina\/wp-json\/wp\/v2\/categories?post=1341"},{"taxonomy":"post_tag","embeddable":true,"href":"https:\/\/blogs.ideal.es\/cocina\/wp-json\/wp\/v2\/tags?post=1341"}],"curies":[{"name":"wp","href":"https:\/\/api.w.org\/{rel}","templated":true}]}}