{"id":1356,"date":"2013-12-11T20:52:50","date_gmt":"2013-12-11T19:52:50","guid":{"rendered":"http:\/\/blogs.ideal.es\/cocina\/?p=1356"},"modified":"2013-12-11T20:52:50","modified_gmt":"2013-12-11T19:52:50","slug":"la-espana-de-isabel-la-catolica","status":"publish","type":"post","link":"https:\/\/blogs.ideal.es\/cocina\/2013\/12\/11\/la-espana-de-isabel-la-catolica\/","title":{"rendered":"La Espa\u00f1a de Isabel la Cat\u00f3lica"},"content":{"rendered":"<p><a href=\"\/cocina\/wp-content\/uploads\/sites\/9\/2013\/12\/081213.jpg\"><img loading=\"lazy\" class=\"aligncenter size-full wp-image-1357\" title=\"081213\" src=\"\/cocina\/wp-content\/uploads\/sites\/9\/2013\/12\/081213.jpg\" alt=\"\" width=\"200\" height=\"237\" \/><\/a><\/p>\n<p><strong><em>Tras el gran \u00e9xito de la serie Isabel en TVE, se ha editado un libro para disfrutar sus parajes y paisajes<\/em><\/strong><\/p>\n<p>Son cientos de miles los televidentes que cada lunes no se han movido de la pantalla para no perderse detalle de esta serie que ha cautivado Espa\u00f1a. Y la editorial Lunwerg vuelve a dar en la clave editado esta obra amena y con muchas fotograf\u00edas. El libro de Teresa Cunillera es un viaje por los lugares que marcaron la vida de una reina, a trav\u00e9s de los personajes protagonistas de la exitosa serie de TVE. Con fotograf\u00edas de los escenarios reales que han servido para ambientar la serie, y datos pr\u00e1cticos para recorrerlos<\/p>\n<!-- AddThis Advanced Settings generic via filter on the_content --><!-- AddThis Share Buttons generic via filter on the_content -->","protected":false},"excerpt":{"rendered":"<p>Tras el gran \u00e9xito de la serie Isabel en TVE, se ha editado un libro para disfrutar sus parajes y paisajes Son cientos de miles los televidentes que cada lunes no se han movido de la pantalla para no perderse detalle de esta serie que ha cautivado Espa\u00f1a. Y la editorial Lunwerg vuelve a dar [&hellip;]<!-- AddThis Advanced Settings generic via filter on get_the_excerpt --><!-- AddThis Share Buttons generic via filter on get_the_excerpt --><\/p>\n","protected":false},"author":5,"featured_media":0,"comment_status":"open","ping_status":"open","sticky":false,"template":"","format":"standard","meta":[],"categories":[8],"tags":[],"_links":{"self":[{"href":"https:\/\/blogs.ideal.es\/cocina\/wp-json\/wp\/v2\/posts\/1356"}],"collection":[{"href":"https:\/\/blogs.ideal.es\/cocina\/wp-json\/wp\/v2\/posts"}],"about":[{"href":"https:\/\/blogs.ideal.es\/cocina\/wp-json\/wp\/v2\/types\/post"}],"author":[{"embeddable":true,"href":"https:\/\/blogs.ideal.es\/cocina\/wp-json\/wp\/v2\/users\/5"}],"replies":[{"embeddable":true,"href":"https:\/\/blogs.ideal.es\/cocina\/wp-json\/wp\/v2\/comments?post=1356"}],"version-history":[{"count":0,"href":"https:\/\/blogs.ideal.es\/cocina\/wp-json\/wp\/v2\/posts\/1356\/revisions"}],"wp:attachment":[{"href":"https:\/\/blogs.ideal.es\/cocina\/wp-json\/wp\/v2\/media?parent=1356"}],"wp:term":[{"taxonomy":"category","embeddable":true,"href":"https:\/\/blogs.ideal.es\/cocina\/wp-json\/wp\/v2\/categories?post=1356"},{"taxonomy":"post_tag","embeddable":true,"href":"https:\/\/blogs.ideal.es\/cocina\/wp-json\/wp\/v2\/tags?post=1356"}],"curies":[{"name":"wp","href":"https:\/\/api.w.org\/{rel}","templated":true}]}}