{"id":1359,"date":"2013-12-11T21:08:41","date_gmt":"2013-12-11T20:08:41","guid":{"rendered":"http:\/\/blogs.ideal.es\/cocina\/?p=1359"},"modified":"2013-12-11T21:08:41","modified_gmt":"2013-12-11T20:08:41","slug":"tinto-son-negre-de-anima-negra","status":"publish","type":"post","link":"https:\/\/blogs.ideal.es\/cocina\/2013\/12\/11\/tinto-son-negre-de-anima-negra\/","title":{"rendered":"Tinto Son Negre de Anima Negra"},"content":{"rendered":"<p><a href=\"\/cocina\/wp-content\/uploads\/sites\/9\/2013\/12\/v0812131.jpg\"><img loading=\"lazy\" class=\"aligncenter size-medium wp-image-1361\" title=\"v081213\" src=\"\/cocina\/wp-content\/uploads\/sites\/9\/2013\/12\/v0812131-125x300.jpg\" alt=\"\" width=\"125\" height=\"300\" srcset=\"https:\/\/static-blogs.ideal.es\/wp-content\/uploads\/sites\/9\/2013\/12\/v0812131-125x300.jpg 125w, https:\/\/static-blogs.ideal.es\/wp-content\/uploads\/sites\/9\/2013\/12\/v0812131.jpg 376w\" sizes=\"(max-width: 125px) 100vw, 125px\" \/><\/a><\/p>\n<p>La bodega Anima Negra indica que no todos los a\u00f1os hace este vino tan especial, s\u00f3lo las a\u00f1adas que al final de su crianza ofrecen un vino \u00fanico y excepcional. Son Negre 2011 procede de las vi\u00f1as m\u00e1s viejas de esta bodega emblem\u00e1tica del sureste de Mallorca, cerca de Felanitx. La etiqueta es del pintor y amigo de la bodega Miquel Barcel\u00f3.<\/p>\n<p>&nbsp;<\/p>\n<!-- AddThis Advanced Settings generic via filter on the_content --><!-- AddThis Share Buttons generic via filter on the_content -->","protected":false},"excerpt":{"rendered":"<p>La bodega Anima Negra indica que no todos los a\u00f1os hace este vino tan especial, s\u00f3lo las a\u00f1adas que al final de su crianza ofrecen un vino \u00fanico y excepcional. Son Negre 2011 procede de las vi\u00f1as m\u00e1s viejas de esta bodega emblem\u00e1tica del sureste de Mallorca, cerca de Felanitx. La etiqueta es del pintor [&hellip;]<!-- AddThis Advanced Settings generic via filter on get_the_excerpt --><!-- AddThis Share Buttons generic via filter on get_the_excerpt --><\/p>\n","protected":false},"author":5,"featured_media":0,"comment_status":"open","ping_status":"open","sticky":false,"template":"","format":"standard","meta":[],"categories":[9],"tags":[],"_links":{"self":[{"href":"https:\/\/blogs.ideal.es\/cocina\/wp-json\/wp\/v2\/posts\/1359"}],"collection":[{"href":"https:\/\/blogs.ideal.es\/cocina\/wp-json\/wp\/v2\/posts"}],"about":[{"href":"https:\/\/blogs.ideal.es\/cocina\/wp-json\/wp\/v2\/types\/post"}],"author":[{"embeddable":true,"href":"https:\/\/blogs.ideal.es\/cocina\/wp-json\/wp\/v2\/users\/5"}],"replies":[{"embeddable":true,"href":"https:\/\/blogs.ideal.es\/cocina\/wp-json\/wp\/v2\/comments?post=1359"}],"version-history":[{"count":0,"href":"https:\/\/blogs.ideal.es\/cocina\/wp-json\/wp\/v2\/posts\/1359\/revisions"}],"wp:attachment":[{"href":"https:\/\/blogs.ideal.es\/cocina\/wp-json\/wp\/v2\/media?parent=1359"}],"wp:term":[{"taxonomy":"category","embeddable":true,"href":"https:\/\/blogs.ideal.es\/cocina\/wp-json\/wp\/v2\/categories?post=1359"},{"taxonomy":"post_tag","embeddable":true,"href":"https:\/\/blogs.ideal.es\/cocina\/wp-json\/wp\/v2\/tags?post=1359"}],"curies":[{"name":"wp","href":"https:\/\/api.w.org\/{rel}","templated":true}]}}