{"id":1363,"date":"2013-12-11T21:43:15","date_gmt":"2013-12-11T20:43:15","guid":{"rendered":"http:\/\/blogs.ideal.es\/cocina\/?p=1363"},"modified":"2013-12-11T21:43:15","modified_gmt":"2013-12-11T20:43:15","slug":"secastilla-garnachas-viejas","status":"publish","type":"post","link":"https:\/\/blogs.ideal.es\/cocina\/2013\/12\/11\/secastilla-garnachas-viejas\/","title":{"rendered":"Secastilla, garnachas viejas"},"content":{"rendered":"<p><a href=\"\/cocina\/wp-content\/uploads\/sites\/9\/2013\/12\/V091213.jpg\"><img loading=\"lazy\" class=\"aligncenter size-medium wp-image-1364\" title=\"V091213\" src=\"\/cocina\/wp-content\/uploads\/sites\/9\/2013\/12\/V091213-86x300.jpg\" alt=\"\" width=\"86\" height=\"300\" srcset=\"https:\/\/static-blogs.ideal.es\/wp-content\/uploads\/sites\/9\/2013\/12\/V091213-86x300.jpg 86w, https:\/\/static-blogs.ideal.es\/wp-content\/uploads\/sites\/9\/2013\/12\/V091213.jpg 121w\" sizes=\"(max-width: 86px) 100vw, 86px\" \/><\/a><\/p>\n<p>Gran impacto causo este tinto en una cata de alto nivel celebrada en el Hotel Salobre\u00f1a. Los asistentes, buenos conocedores, no sab\u00edan de las excelencias que puede aportar unas vides, de limitada producci\u00f3n que mima Vi\u00f1as del Vero en el Somontano. Es uno de los vinos serios de Espa\u00f1a. Recomiendo decantar para disfrutarlo m\u00e1s<\/p>\n<p>&nbsp;<\/p>\n<!-- AddThis Advanced Settings generic via filter on the_content --><!-- AddThis Share Buttons generic via filter on the_content -->","protected":false},"excerpt":{"rendered":"<p>Gran impacto causo este tinto en una cata de alto nivel celebrada en el Hotel Salobre\u00f1a. Los asistentes, buenos conocedores, no sab\u00edan de las excelencias que puede aportar unas vides, de limitada producci\u00f3n que mima Vi\u00f1as del Vero en el Somontano. Es uno de los vinos serios de Espa\u00f1a. Recomiendo decantar para disfrutarlo m\u00e1s &nbsp;<!-- AddThis Advanced Settings generic via filter on get_the_excerpt --><!-- AddThis Share Buttons generic via filter on get_the_excerpt --><\/p>\n","protected":false},"author":5,"featured_media":0,"comment_status":"open","ping_status":"open","sticky":false,"template":"","format":"standard","meta":[],"categories":[9],"tags":[],"_links":{"self":[{"href":"https:\/\/blogs.ideal.es\/cocina\/wp-json\/wp\/v2\/posts\/1363"}],"collection":[{"href":"https:\/\/blogs.ideal.es\/cocina\/wp-json\/wp\/v2\/posts"}],"about":[{"href":"https:\/\/blogs.ideal.es\/cocina\/wp-json\/wp\/v2\/types\/post"}],"author":[{"embeddable":true,"href":"https:\/\/blogs.ideal.es\/cocina\/wp-json\/wp\/v2\/users\/5"}],"replies":[{"embeddable":true,"href":"https:\/\/blogs.ideal.es\/cocina\/wp-json\/wp\/v2\/comments?post=1363"}],"version-history":[{"count":0,"href":"https:\/\/blogs.ideal.es\/cocina\/wp-json\/wp\/v2\/posts\/1363\/revisions"}],"wp:attachment":[{"href":"https:\/\/blogs.ideal.es\/cocina\/wp-json\/wp\/v2\/media?parent=1363"}],"wp:term":[{"taxonomy":"category","embeddable":true,"href":"https:\/\/blogs.ideal.es\/cocina\/wp-json\/wp\/v2\/categories?post=1363"},{"taxonomy":"post_tag","embeddable":true,"href":"https:\/\/blogs.ideal.es\/cocina\/wp-json\/wp\/v2\/tags?post=1363"}],"curies":[{"name":"wp","href":"https:\/\/api.w.org\/{rel}","templated":true}]}}