{"id":1371,"date":"2013-12-13T13:43:12","date_gmt":"2013-12-13T12:43:12","guid":{"rendered":"http:\/\/blogs.ideal.es\/cocina\/?p=1371"},"modified":"2013-12-13T13:43:12","modified_gmt":"2013-12-13T12:43:12","slug":"cavas-freixenet-cumple-100-con-todas-sus-burbujas","status":"publish","type":"post","link":"https:\/\/blogs.ideal.es\/cocina\/2013\/12\/13\/cavas-freixenet-cumple-100-con-todas-sus-burbujas\/","title":{"rendered":"Cavas Freixenet cumple 100 con todas sus burbujas"},"content":{"rendered":"<p><a href=\"\/cocina\/wp-content\/uploads\/sites\/9\/2013\/12\/Foto-media-081213.jpg\"><img loading=\"lazy\" class=\"aligncenter size-medium wp-image-1372\" title=\"Foto media 081213\" src=\"\/cocina\/wp-content\/uploads\/sites\/9\/2013\/12\/Foto-media-081213-300x225.jpg\" alt=\"\" width=\"300\" height=\"225\" srcset=\"https:\/\/static-blogs.ideal.es\/wp-content\/uploads\/sites\/9\/2013\/12\/Foto-media-081213-300x225.jpg 300w, https:\/\/static-blogs.ideal.es\/wp-content\/uploads\/sites\/9\/2013\/12\/Foto-media-081213-768x576.jpg 768w, https:\/\/static-blogs.ideal.es\/wp-content\/uploads\/sites\/9\/2013\/12\/Foto-media-081213.jpg 900w\" sizes=\"(max-width: 300px) 100vw, 300px\" \/><\/a><\/p>\n<p>Como siempre con su anuncio ya es Navidad. Y en 2014 celebran que cumplen su primer centenario. Por eso invitaron a todas las chicas que fueron &#8220;burbujitas&#8221; junto a los m\u00e1s famosos artistas en sus anuncios. Recuerdo el a\u00f1o que seleccionaron por toda Espa\u00f1a a chicas de sus autonom\u00edas, para brindar con una copa cava catal\u00e1n y espa\u00f1ol y desear felicidad a todos. Freixenet siempre ha sido una bebida de fiesta para toda Espa\u00f1a. Y all\u00ed estaban las burbujas: Vanesa S. P\u00e9rez de M\u00e1laga, Mar\u00eda Rom\u00e1n de Algeciras y Mar\u00eda Delgado de Almer\u00eda, entre otras sesenta<\/p>\n<p>Evento: 100 a\u00f1os de Freixenet<br \/>\nDirecci\u00f3n: Delegaciones en toda Espa\u00f1a y extranjero<br \/>\nTel\u00e9fono: 93 891 70 96<br \/>\nEstreno: 8 de diciembre en todas las cadenas de televisi\u00f3n<br \/>\nDirectora: Este a\u00f1o es la directora de cine Iciar Bolla\u00edn<br \/>\nRecomendaci\u00f3n: Se emocionar\u00e1 viendo: http:\/\/www.huffingtonpost.es\/2013\/12\/05\/anuncio-freixenet-2013-video_n_4390120.html<br \/>\nAnuncio: http:\/\/www.freixenet.es\/<\/p>\n<!-- AddThis Advanced Settings generic via filter on the_content --><!-- AddThis Share Buttons generic via filter on the_content -->","protected":false},"excerpt":{"rendered":"<p>Como siempre con su anuncio ya es Navidad. Y en 2014 celebran que cumplen su primer centenario. Por eso invitaron a todas las chicas que fueron &#8220;burbujitas&#8221; junto a los m\u00e1s famosos artistas en sus anuncios. Recuerdo el a\u00f1o que seleccionaron por toda Espa\u00f1a a chicas de sus autonom\u00edas, para brindar con una copa cava [&hellip;]<!-- AddThis Advanced Settings generic via filter on get_the_excerpt --><!-- AddThis Share Buttons generic via filter on get_the_excerpt --><\/p>\n","protected":false},"author":5,"featured_media":0,"comment_status":"open","ping_status":"open","sticky":false,"template":"","format":"standard","meta":[],"categories":[3,9],"tags":[],"_links":{"self":[{"href":"https:\/\/blogs.ideal.es\/cocina\/wp-json\/wp\/v2\/posts\/1371"}],"collection":[{"href":"https:\/\/blogs.ideal.es\/cocina\/wp-json\/wp\/v2\/posts"}],"about":[{"href":"https:\/\/blogs.ideal.es\/cocina\/wp-json\/wp\/v2\/types\/post"}],"author":[{"embeddable":true,"href":"https:\/\/blogs.ideal.es\/cocina\/wp-json\/wp\/v2\/users\/5"}],"replies":[{"embeddable":true,"href":"https:\/\/blogs.ideal.es\/cocina\/wp-json\/wp\/v2\/comments?post=1371"}],"version-history":[{"count":0,"href":"https:\/\/blogs.ideal.es\/cocina\/wp-json\/wp\/v2\/posts\/1371\/revisions"}],"wp:attachment":[{"href":"https:\/\/blogs.ideal.es\/cocina\/wp-json\/wp\/v2\/media?parent=1371"}],"wp:term":[{"taxonomy":"category","embeddable":true,"href":"https:\/\/blogs.ideal.es\/cocina\/wp-json\/wp\/v2\/categories?post=1371"},{"taxonomy":"post_tag","embeddable":true,"href":"https:\/\/blogs.ideal.es\/cocina\/wp-json\/wp\/v2\/tags?post=1371"}],"curies":[{"name":"wp","href":"https:\/\/api.w.org\/{rel}","templated":true}]}}