{"id":1382,"date":"2013-12-18T11:18:32","date_gmt":"2013-12-18T10:18:32","guid":{"rendered":"http:\/\/blogs.ideal.es\/cocina\/?p=1382"},"modified":"2013-12-18T11:18:32","modified_gmt":"2013-12-18T10:18:32","slug":"las-botellas-tipo-magnun-mejoran-la-evolucion-de-algunos-tintos","status":"publish","type":"post","link":"https:\/\/blogs.ideal.es\/cocina\/2013\/12\/18\/las-botellas-tipo-magnun-mejoran-la-evolucion-de-algunos-tintos\/","title":{"rendered":"Las botellas tipo m\u00e1gnun mejoran la evoluci\u00f3n de algunos tintos"},"content":{"rendered":"<p><a href=\"\/cocina\/wp-content\/uploads\/sites\/9\/2013\/12\/Foto-peque\u00f1a-1512131.jpg\"><img loading=\"lazy\" class=\"aligncenter size-medium wp-image-1384\" title=\"Foto peque\u00f1a 151213\" src=\"\/cocina\/wp-content\/uploads\/sites\/9\/2013\/12\/Foto-peque\u00f1a-1512131-300x114.jpg\" alt=\"\" width=\"300\" height=\"114\" srcset=\"https:\/\/static-blogs.ideal.es\/wp-content\/uploads\/sites\/9\/2013\/12\/Foto-peque\u00f1a-1512131-300x114.jpg 300w, https:\/\/static-blogs.ideal.es\/wp-content\/uploads\/sites\/9\/2013\/12\/Foto-peque\u00f1a-1512131-768x293.jpg 768w, https:\/\/static-blogs.ideal.es\/wp-content\/uploads\/sites\/9\/2013\/12\/Foto-peque\u00f1a-1512131-1024x391.jpg 1024w, https:\/\/static-blogs.ideal.es\/wp-content\/uploads\/sites\/9\/2013\/12\/Foto-peque\u00f1a-1512131.jpg 1560w\" sizes=\"(max-width: 300px) 100vw, 300px\" \/><\/a><\/p>\n<p>Me apresuro a indicar lo de &#8220;mejoran algunos tintos&#8221;. Est\u00e1 claro que, por muy bonita que sea la botella m\u00e1gnun de capacidad 1,5 litros (dos botellas normales), no mejora lo inmejorable. Me explico. Si nosotros metemos un tinto joven, o a eso que ahora llaman &#8220;roble&#8221; su evoluci\u00f3n en la botella m\u00e1gnun ser\u00e1 p\u00e9sima. Ese vino primigenio no ha tenido una previa y correcta crianza como para poder &#8220;mejorar&#8221; en su periodo de reducci\u00f3n en la botella m\u00e1gnun. Sufri\u00f3 quiz\u00e1s maceraciones largas, crianzas insuficientes y la conservaci\u00f3n del vino con l\u00edas, que incrementan las tendencias del vino hacia ese estado de reducci\u00f3n. Vi\u00f1a Ardanza lo explica muy bien: &#8220;Hay informes que, generalizando, afirman que la velocidad de evoluci\u00f3n es inversamente proporcional al tama\u00f1o de la botella: en una botella de 3\/8 de litro el vino envejece al doble de velocidad que en una de 3\/4, mientras que en esta evolucionar\u00e1 al doble de velocidad que en un m\u00e1gnum. Esto es positivo para vinos de calidad con capacidad de mejorar, especialmente para reservas y grandes reservas, ya que garantizamos as\u00ed una vida mas larga. Sin embargo, si metemos un mal vino en un m\u00e1gnum, lo que haremos ser\u00e1 acelerar su muerte. El M\u00e1gnum no es bueno para todos los vinos. El color de la botella tambi\u00e9n influye y mucho. Es preferible el verde oscuro, anti radiaciones ultravioletas, color muy empleado en vinos tintos, incluidos los de La Rioja Alta, S.A. y los de Torre de O\u00f1a.<\/p>\n<!-- AddThis Advanced Settings generic via filter on the_content --><!-- AddThis Share Buttons generic via filter on the_content -->","protected":false},"excerpt":{"rendered":"<p>Me apresuro a indicar lo de &#8220;mejoran algunos tintos&#8221;. Est\u00e1 claro que, por muy bonita que sea la botella m\u00e1gnun de capacidad 1,5 litros (dos botellas normales), no mejora lo inmejorable. Me explico. Si nosotros metemos un tinto joven, o a eso que ahora llaman &#8220;roble&#8221; su evoluci\u00f3n en la botella m\u00e1gnun ser\u00e1 p\u00e9sima. Ese [&hellip;]<!-- AddThis Advanced Settings generic via filter on get_the_excerpt --><!-- AddThis Share Buttons generic via filter on get_the_excerpt --><\/p>\n","protected":false},"author":5,"featured_media":0,"comment_status":"open","ping_status":"open","sticky":false,"template":"","format":"standard","meta":[],"categories":[9],"tags":[],"_links":{"self":[{"href":"https:\/\/blogs.ideal.es\/cocina\/wp-json\/wp\/v2\/posts\/1382"}],"collection":[{"href":"https:\/\/blogs.ideal.es\/cocina\/wp-json\/wp\/v2\/posts"}],"about":[{"href":"https:\/\/blogs.ideal.es\/cocina\/wp-json\/wp\/v2\/types\/post"}],"author":[{"embeddable":true,"href":"https:\/\/blogs.ideal.es\/cocina\/wp-json\/wp\/v2\/users\/5"}],"replies":[{"embeddable":true,"href":"https:\/\/blogs.ideal.es\/cocina\/wp-json\/wp\/v2\/comments?post=1382"}],"version-history":[{"count":0,"href":"https:\/\/blogs.ideal.es\/cocina\/wp-json\/wp\/v2\/posts\/1382\/revisions"}],"wp:attachment":[{"href":"https:\/\/blogs.ideal.es\/cocina\/wp-json\/wp\/v2\/media?parent=1382"}],"wp:term":[{"taxonomy":"category","embeddable":true,"href":"https:\/\/blogs.ideal.es\/cocina\/wp-json\/wp\/v2\/categories?post=1382"},{"taxonomy":"post_tag","embeddable":true,"href":"https:\/\/blogs.ideal.es\/cocina\/wp-json\/wp\/v2\/tags?post=1382"}],"curies":[{"name":"wp","href":"https:\/\/api.w.org\/{rel}","templated":true}]}}