{"id":1412,"date":"2014-01-03T22:56:55","date_gmt":"2014-01-03T21:56:55","guid":{"rendered":"http:\/\/blogs.ideal.es\/cocina\/?p=1412"},"modified":"2014-01-03T22:56:55","modified_gmt":"2014-01-03T21:56:55","slug":"no-tire-la-comida-use-un-tupper","status":"publish","type":"post","link":"https:\/\/blogs.ideal.es\/cocina\/2014\/01\/03\/no-tire-la-comida-use-un-tupper\/","title":{"rendered":"No tire la comida, use un &#8220;tupper&#8221;"},"content":{"rendered":"<p>Todos los a\u00f1os nos pasa igual. Tenemos que tirar comida. Se nos llena antes el ojo que la tripa, y hay elaboraciones que se estropean. \u00a0Si comi\u00f3 en nochevieja en un hotel o restaurante, consulte la posibilidad de practicar los consejos del ministro Ca\u00f1ete que indic\u00f3 la importancia de repartir tuppers en los restaurantes para que los clientes se puedan llevar sus sobras a casa. \u201cEn Estados Unidos se ha hecho toda la vida, y en la cocina europea se hace con mucha frecuencia. Es normal\u201d, declar\u00f3 el ministro. Y no fue una broma<\/p>\n<!-- AddThis Advanced Settings generic via filter on the_content --><!-- AddThis Share Buttons generic via filter on the_content -->","protected":false},"excerpt":{"rendered":"<p>Todos los a\u00f1os nos pasa igual. Tenemos que tirar comida. Se nos llena antes el ojo que la tripa, y hay elaboraciones que se estropean. \u00a0Si comi\u00f3 en nochevieja en un hotel o restaurante, consulte la posibilidad de practicar los consejos del ministro Ca\u00f1ete que indic\u00f3 la importancia de repartir tuppers en los restaurantes para [&hellip;]<!-- AddThis Advanced Settings generic via filter on get_the_excerpt --><!-- AddThis Share Buttons generic via filter on get_the_excerpt --><\/p>\n","protected":false},"author":5,"featured_media":0,"comment_status":"open","ping_status":"open","sticky":false,"template":"","format":"standard","meta":[],"categories":[3],"tags":[],"_links":{"self":[{"href":"https:\/\/blogs.ideal.es\/cocina\/wp-json\/wp\/v2\/posts\/1412"}],"collection":[{"href":"https:\/\/blogs.ideal.es\/cocina\/wp-json\/wp\/v2\/posts"}],"about":[{"href":"https:\/\/blogs.ideal.es\/cocina\/wp-json\/wp\/v2\/types\/post"}],"author":[{"embeddable":true,"href":"https:\/\/blogs.ideal.es\/cocina\/wp-json\/wp\/v2\/users\/5"}],"replies":[{"embeddable":true,"href":"https:\/\/blogs.ideal.es\/cocina\/wp-json\/wp\/v2\/comments?post=1412"}],"version-history":[{"count":0,"href":"https:\/\/blogs.ideal.es\/cocina\/wp-json\/wp\/v2\/posts\/1412\/revisions"}],"wp:attachment":[{"href":"https:\/\/blogs.ideal.es\/cocina\/wp-json\/wp\/v2\/media?parent=1412"}],"wp:term":[{"taxonomy":"category","embeddable":true,"href":"https:\/\/blogs.ideal.es\/cocina\/wp-json\/wp\/v2\/categories?post=1412"},{"taxonomy":"post_tag","embeddable":true,"href":"https:\/\/blogs.ideal.es\/cocina\/wp-json\/wp\/v2\/tags?post=1412"}],"curies":[{"name":"wp","href":"https:\/\/api.w.org\/{rel}","templated":true}]}}