{"id":1417,"date":"2014-01-08T19:42:16","date_gmt":"2014-01-08T18:42:16","guid":{"rendered":"http:\/\/blogs.ideal.es\/cocina\/?p=1417"},"modified":"2014-01-08T19:42:16","modified_gmt":"2014-01-08T18:42:16","slug":"disfrutar-y-no-desperdiciar-la-comida","status":"publish","type":"post","link":"https:\/\/blogs.ideal.es\/cocina\/2014\/01\/08\/disfrutar-y-no-desperdiciar-la-comida\/","title":{"rendered":"Disfrutar y no desperdiciar la comida"},"content":{"rendered":"<p><strong><em>Tenemos que sacar partido a toda la gama de productos perecederos que hemos comprado para estas fiestas \u00a0<\/em><\/strong><\/p>\n<p>Es bueno sacar partido a todas aquellas viandas que compramos, seguro que en exceso para la cena y fiesta en Nochevieja, en caso de haberla celebrado en casa. O si sigui\u00f3 mi consejo en el art\u00edculo donde recordaba la recomendaci\u00f3n del ministro Ca\u00f1ete de pedir un tupper en la cena de cotill\u00f3n. La cosa es provechar todo y no tirar comida. Por cierto, un cocinero castizo me coment\u00f3: &#8220;si pone usted de moda lo de pedir el tupper en los restaurantes, \u00bfcon que hago yo despu\u00e9s mis alb\u00f3ndigas?. Vaya arte que tienen algunos&#8230;<\/p>\n<!-- AddThis Advanced Settings generic via filter on the_content --><!-- AddThis Share Buttons generic via filter on the_content -->","protected":false},"excerpt":{"rendered":"<p>Tenemos que sacar partido a toda la gama de productos perecederos que hemos comprado para estas fiestas \u00a0 Es bueno sacar partido a todas aquellas viandas que compramos, seguro que en exceso para la cena y fiesta en Nochevieja, en caso de haberla celebrado en casa. O si sigui\u00f3 mi consejo en el art\u00edculo donde [&hellip;]<!-- AddThis Advanced Settings generic via filter on get_the_excerpt --><!-- AddThis Share Buttons generic via filter on get_the_excerpt --><\/p>\n","protected":false},"author":5,"featured_media":0,"comment_status":"open","ping_status":"open","sticky":false,"template":"","format":"standard","meta":[],"categories":[3],"tags":[],"_links":{"self":[{"href":"https:\/\/blogs.ideal.es\/cocina\/wp-json\/wp\/v2\/posts\/1417"}],"collection":[{"href":"https:\/\/blogs.ideal.es\/cocina\/wp-json\/wp\/v2\/posts"}],"about":[{"href":"https:\/\/blogs.ideal.es\/cocina\/wp-json\/wp\/v2\/types\/post"}],"author":[{"embeddable":true,"href":"https:\/\/blogs.ideal.es\/cocina\/wp-json\/wp\/v2\/users\/5"}],"replies":[{"embeddable":true,"href":"https:\/\/blogs.ideal.es\/cocina\/wp-json\/wp\/v2\/comments?post=1417"}],"version-history":[{"count":0,"href":"https:\/\/blogs.ideal.es\/cocina\/wp-json\/wp\/v2\/posts\/1417\/revisions"}],"wp:attachment":[{"href":"https:\/\/blogs.ideal.es\/cocina\/wp-json\/wp\/v2\/media?parent=1417"}],"wp:term":[{"taxonomy":"category","embeddable":true,"href":"https:\/\/blogs.ideal.es\/cocina\/wp-json\/wp\/v2\/categories?post=1417"},{"taxonomy":"post_tag","embeddable":true,"href":"https:\/\/blogs.ideal.es\/cocina\/wp-json\/wp\/v2\/tags?post=1417"}],"curies":[{"name":"wp","href":"https:\/\/api.w.org\/{rel}","templated":true}]}}