{"id":1420,"date":"2014-01-08T20:05:19","date_gmt":"2014-01-08T19:05:19","guid":{"rendered":"http:\/\/blogs.ideal.es\/cocina\/?p=1420"},"modified":"2014-01-08T20:05:19","modified_gmt":"2014-01-08T19:05:19","slug":"vina-ardanza-en-magnum","status":"publish","type":"post","link":"https:\/\/blogs.ideal.es\/cocina\/2014\/01\/08\/vina-ardanza-en-magnum\/","title":{"rendered":"Vi\u00f1a Ardanza en m\u00e1gnum"},"content":{"rendered":"<p><a href=\"\/cocina\/wp-content\/uploads\/sites\/9\/2014\/01\/v020114.jpg\"><img loading=\"lazy\" class=\"aligncenter size-medium wp-image-1421\" title=\"v020114\" src=\"\/cocina\/wp-content\/uploads\/sites\/9\/2014\/01\/v020114-300x225.jpg\" alt=\"\" width=\"300\" height=\"225\" srcset=\"https:\/\/static-blogs.ideal.es\/wp-content\/uploads\/sites\/9\/2014\/01\/v020114-300x225.jpg 300w, https:\/\/static-blogs.ideal.es\/wp-content\/uploads\/sites\/9\/2014\/01\/v020114-768x576.jpg 768w, https:\/\/static-blogs.ideal.es\/wp-content\/uploads\/sites\/9\/2014\/01\/v020114.jpg 800w\" sizes=\"(max-width: 300px) 100vw, 300px\" \/><\/a><\/p>\n<p>Ya saben que siempre recomiendo para guardar alg\u00fan tiempo o degustar en una mesa de buenos gourmet las botellas m\u00e1gnum. Que solo son dos botellas normales. \u00bfY porque recomiendo Vi\u00f1a Ardanza?, pues porque lo he catado y est\u00e1 genial. Tanto para consumir ahora o guardar en id\u00f3neas condiciones unos cuantos a\u00f1os.<\/p>\n<!-- AddThis Advanced Settings generic via filter on the_content --><!-- AddThis Share Buttons generic via filter on the_content -->","protected":false},"excerpt":{"rendered":"<p>Ya saben que siempre recomiendo para guardar alg\u00fan tiempo o degustar en una mesa de buenos gourmet las botellas m\u00e1gnum. Que solo son dos botellas normales. \u00bfY porque recomiendo Vi\u00f1a Ardanza?, pues porque lo he catado y est\u00e1 genial. Tanto para consumir ahora o guardar en id\u00f3neas condiciones unos cuantos a\u00f1os.<!-- AddThis Advanced Settings generic via filter on get_the_excerpt --><!-- AddThis Share Buttons generic via filter on get_the_excerpt --><\/p>\n","protected":false},"author":5,"featured_media":0,"comment_status":"open","ping_status":"open","sticky":false,"template":"","format":"standard","meta":[],"categories":[9],"tags":[],"_links":{"self":[{"href":"https:\/\/blogs.ideal.es\/cocina\/wp-json\/wp\/v2\/posts\/1420"}],"collection":[{"href":"https:\/\/blogs.ideal.es\/cocina\/wp-json\/wp\/v2\/posts"}],"about":[{"href":"https:\/\/blogs.ideal.es\/cocina\/wp-json\/wp\/v2\/types\/post"}],"author":[{"embeddable":true,"href":"https:\/\/blogs.ideal.es\/cocina\/wp-json\/wp\/v2\/users\/5"}],"replies":[{"embeddable":true,"href":"https:\/\/blogs.ideal.es\/cocina\/wp-json\/wp\/v2\/comments?post=1420"}],"version-history":[{"count":0,"href":"https:\/\/blogs.ideal.es\/cocina\/wp-json\/wp\/v2\/posts\/1420\/revisions"}],"wp:attachment":[{"href":"https:\/\/blogs.ideal.es\/cocina\/wp-json\/wp\/v2\/media?parent=1420"}],"wp:term":[{"taxonomy":"category","embeddable":true,"href":"https:\/\/blogs.ideal.es\/cocina\/wp-json\/wp\/v2\/categories?post=1420"},{"taxonomy":"post_tag","embeddable":true,"href":"https:\/\/blogs.ideal.es\/cocina\/wp-json\/wp\/v2\/tags?post=1420"}],"curies":[{"name":"wp","href":"https:\/\/api.w.org\/{rel}","templated":true}]}}