{"id":1423,"date":"2014-01-08T20:43:14","date_gmt":"2014-01-08T19:43:14","guid":{"rendered":"http:\/\/blogs.ideal.es\/cocina\/?p=1423"},"modified":"2014-01-08T20:43:14","modified_gmt":"2014-01-08T19:43:14","slug":"madrid-360o-un-regalo-especial-de-reyes","status":"publish","type":"post","link":"https:\/\/blogs.ideal.es\/cocina\/2014\/01\/08\/madrid-360o-un-regalo-especial-de-reyes\/","title":{"rendered":"Madrid 360\u00ba, un regalo especial de Reyes"},"content":{"rendered":"<p><a href=\"\/cocina\/wp-content\/uploads\/sites\/9\/2014\/01\/030114.jpg\"><img loading=\"lazy\" class=\"aligncenter size-full wp-image-1424\" title=\"030114\" src=\"\/cocina\/wp-content\/uploads\/sites\/9\/2014\/01\/030114.jpg\" alt=\"\" width=\"200\" height=\"180\" \/><\/a><\/p>\n<p>\u00bfQue levante la mano quien no ha ido a Madrid o a quien no le gustar\u00eda conocerlo?<\/p>\n<p>Seguro que saltar\u00e1n algunos que prefieren no moverse de su casa. Es su deseo y su derecho. Pero Madrid es mucho m\u00e1s que la capital de Espa\u00f1a. Nadie te pregunta de d\u00f3nde eres y te entiendes perfectamente con todo el mundo. \u00a0Esta nueva edici\u00f3n actualizada de un libro pleno de curiosas fotos, nos permite realizar un recorrido por los lugares m\u00e1s emblem\u00e1ticos de la ciudad. Un detallado mapa visual que nos revela los secretos de la urbe. Edita Lunwerg y hasta si usted es del mismo Madrid, se sorprender\u00e1 con las fotos y vistas<\/p>\n<p>&nbsp;<\/p>\n<!-- AddThis Advanced Settings generic via filter on the_content --><!-- AddThis Share Buttons generic via filter on the_content -->","protected":false},"excerpt":{"rendered":"<p>\u00bfQue levante la mano quien no ha ido a Madrid o a quien no le gustar\u00eda conocerlo? Seguro que saltar\u00e1n algunos que prefieren no moverse de su casa. Es su deseo y su derecho. Pero Madrid es mucho m\u00e1s que la capital de Espa\u00f1a. Nadie te pregunta de d\u00f3nde eres y te entiendes perfectamente con [&hellip;]<!-- AddThis Advanced Settings generic via filter on get_the_excerpt --><!-- AddThis Share Buttons generic via filter on get_the_excerpt --><\/p>\n","protected":false},"author":5,"featured_media":0,"comment_status":"open","ping_status":"open","sticky":false,"template":"","format":"standard","meta":[],"categories":[10],"tags":[],"_links":{"self":[{"href":"https:\/\/blogs.ideal.es\/cocina\/wp-json\/wp\/v2\/posts\/1423"}],"collection":[{"href":"https:\/\/blogs.ideal.es\/cocina\/wp-json\/wp\/v2\/posts"}],"about":[{"href":"https:\/\/blogs.ideal.es\/cocina\/wp-json\/wp\/v2\/types\/post"}],"author":[{"embeddable":true,"href":"https:\/\/blogs.ideal.es\/cocina\/wp-json\/wp\/v2\/users\/5"}],"replies":[{"embeddable":true,"href":"https:\/\/blogs.ideal.es\/cocina\/wp-json\/wp\/v2\/comments?post=1423"}],"version-history":[{"count":0,"href":"https:\/\/blogs.ideal.es\/cocina\/wp-json\/wp\/v2\/posts\/1423\/revisions"}],"wp:attachment":[{"href":"https:\/\/blogs.ideal.es\/cocina\/wp-json\/wp\/v2\/media?parent=1423"}],"wp:term":[{"taxonomy":"category","embeddable":true,"href":"https:\/\/blogs.ideal.es\/cocina\/wp-json\/wp\/v2\/categories?post=1423"},{"taxonomy":"post_tag","embeddable":true,"href":"https:\/\/blogs.ideal.es\/cocina\/wp-json\/wp\/v2\/tags?post=1423"}],"curies":[{"name":"wp","href":"https:\/\/api.w.org\/{rel}","templated":true}]}}