{"id":1426,"date":"2014-01-09T12:10:26","date_gmt":"2014-01-09T11:10:26","guid":{"rendered":"http:\/\/blogs.ideal.es\/cocina\/?p=1426"},"modified":"2014-01-09T12:10:26","modified_gmt":"2014-01-09T11:10:26","slug":"cocinero-a-tus-fogones-y-no-a-dar-campanadas","status":"publish","type":"post","link":"https:\/\/blogs.ideal.es\/cocina\/2014\/01\/09\/cocinero-a-tus-fogones-y-no-a-dar-campanadas\/","title":{"rendered":"Cocinero a tus fogones y no a dar campanadas"},"content":{"rendered":"<p>Los &#8220;pensantes&#8221; de televisi\u00f3n, creen que por poner todas las semanas las dos cocineros en pantalla, estos ya sirven para todo. Lo siento por Pepe Rodr\u00edguez y Jordi Cruz, cuya cocina es grata, y poco m\u00e1s. Pero de ah\u00ed a presentar como estrellas con Ingartiburu a dar las uvas en TVE 1, es confundir &#8220;el culo con las t\u00e9mporas&#8221;. Guisar no da patente de corso<\/p>\n<!-- AddThis Advanced Settings generic via filter on the_content --><!-- AddThis Share Buttons generic via filter on the_content -->","protected":false},"excerpt":{"rendered":"<p>Los &#8220;pensantes&#8221; de televisi\u00f3n, creen que por poner todas las semanas las dos cocineros en pantalla, estos ya sirven para todo. Lo siento por Pepe Rodr\u00edguez y Jordi Cruz, cuya cocina es grata, y poco m\u00e1s. Pero de ah\u00ed a presentar como estrellas con Ingartiburu a dar las uvas en TVE 1, es confundir &#8220;el [&hellip;]<!-- AddThis Advanced Settings generic via filter on get_the_excerpt --><!-- AddThis Share Buttons generic via filter on get_the_excerpt --><\/p>\n","protected":false},"author":5,"featured_media":0,"comment_status":"open","ping_status":"open","sticky":false,"template":"","format":"standard","meta":[],"categories":[3],"tags":[],"_links":{"self":[{"href":"https:\/\/blogs.ideal.es\/cocina\/wp-json\/wp\/v2\/posts\/1426"}],"collection":[{"href":"https:\/\/blogs.ideal.es\/cocina\/wp-json\/wp\/v2\/posts"}],"about":[{"href":"https:\/\/blogs.ideal.es\/cocina\/wp-json\/wp\/v2\/types\/post"}],"author":[{"embeddable":true,"href":"https:\/\/blogs.ideal.es\/cocina\/wp-json\/wp\/v2\/users\/5"}],"replies":[{"embeddable":true,"href":"https:\/\/blogs.ideal.es\/cocina\/wp-json\/wp\/v2\/comments?post=1426"}],"version-history":[{"count":0,"href":"https:\/\/blogs.ideal.es\/cocina\/wp-json\/wp\/v2\/posts\/1426\/revisions"}],"wp:attachment":[{"href":"https:\/\/blogs.ideal.es\/cocina\/wp-json\/wp\/v2\/media?parent=1426"}],"wp:term":[{"taxonomy":"category","embeddable":true,"href":"https:\/\/blogs.ideal.es\/cocina\/wp-json\/wp\/v2\/categories?post=1426"},{"taxonomy":"post_tag","embeddable":true,"href":"https:\/\/blogs.ideal.es\/cocina\/wp-json\/wp\/v2\/tags?post=1426"}],"curies":[{"name":"wp","href":"https:\/\/api.w.org\/{rel}","templated":true}]}}