{"id":1430,"date":"2014-01-09T22:02:40","date_gmt":"2014-01-09T21:02:40","guid":{"rendered":"http:\/\/blogs.ideal.es\/cocina\/?p=1430"},"modified":"2014-01-09T22:02:40","modified_gmt":"2014-01-09T21:02:40","slug":"cupcakes-a-diario","status":"publish","type":"post","link":"https:\/\/blogs.ideal.es\/cocina\/2014\/01\/09\/cupcakes-a-diario\/","title":{"rendered":"Cupcakes a diario"},"content":{"rendered":"<p><a href=\"\/cocina\/wp-content\/uploads\/sites\/9\/2014\/01\/060114.jpg\"><img loading=\"lazy\" class=\"aligncenter size-medium wp-image-1431\" title=\"060114\" src=\"\/cocina\/wp-content\/uploads\/sites\/9\/2014\/01\/060114-245x300.jpg\" alt=\"\" width=\"245\" height=\"300\" \/><\/a><\/p>\n<p>Un libro para los amantes, galameros y ma\u00f1osos de la confiter\u00eda para disfrutar con buenas fotos y recetas<\/p>\n<p>Cuesta de enero, un buen momento para hacer los dulces en casa. Aprenda a preparar y decorar sus cupcakes con las recetas de Ivana Munt\u00e1n, la creadora del blog Cupcakes a diario, que tambi\u00e9n ofrece cursos y tutoriales para iniciarse en el arte de la reposter\u00eda. En este libro la autora compartir\u00e1 sus recetas m\u00e1s originales, acompa\u00f1adas de espectaculares fotograf\u00edas, y te dar\u00e1 consejos sobre las mejores t\u00e9cnicas, utensilios e ingredientes para decorar tus cupcakes. Edita C\u00fapula y Planeta. Muchas y buenas fotos<\/p>\n<!-- AddThis Advanced Settings generic via filter on the_content --><!-- AddThis Share Buttons generic via filter on the_content -->","protected":false},"excerpt":{"rendered":"<p>Un libro para los amantes, galameros y ma\u00f1osos de la confiter\u00eda para disfrutar con buenas fotos y recetas Cuesta de enero, un buen momento para hacer los dulces en casa. Aprenda a preparar y decorar sus cupcakes con las recetas de Ivana Munt\u00e1n, la creadora del blog Cupcakes a diario, que tambi\u00e9n ofrece cursos y [&hellip;]<!-- AddThis Advanced Settings generic via filter on get_the_excerpt --><!-- AddThis Share Buttons generic via filter on get_the_excerpt --><\/p>\n","protected":false},"author":5,"featured_media":0,"comment_status":"open","ping_status":"open","sticky":false,"template":"","format":"standard","meta":[],"categories":[10,11],"tags":[],"_links":{"self":[{"href":"https:\/\/blogs.ideal.es\/cocina\/wp-json\/wp\/v2\/posts\/1430"}],"collection":[{"href":"https:\/\/blogs.ideal.es\/cocina\/wp-json\/wp\/v2\/posts"}],"about":[{"href":"https:\/\/blogs.ideal.es\/cocina\/wp-json\/wp\/v2\/types\/post"}],"author":[{"embeddable":true,"href":"https:\/\/blogs.ideal.es\/cocina\/wp-json\/wp\/v2\/users\/5"}],"replies":[{"embeddable":true,"href":"https:\/\/blogs.ideal.es\/cocina\/wp-json\/wp\/v2\/comments?post=1430"}],"version-history":[{"count":0,"href":"https:\/\/blogs.ideal.es\/cocina\/wp-json\/wp\/v2\/posts\/1430\/revisions"}],"wp:attachment":[{"href":"https:\/\/blogs.ideal.es\/cocina\/wp-json\/wp\/v2\/media?parent=1430"}],"wp:term":[{"taxonomy":"category","embeddable":true,"href":"https:\/\/blogs.ideal.es\/cocina\/wp-json\/wp\/v2\/categories?post=1430"},{"taxonomy":"post_tag","embeddable":true,"href":"https:\/\/blogs.ideal.es\/cocina\/wp-json\/wp\/v2\/tags?post=1430"}],"curies":[{"name":"wp","href":"https:\/\/api.w.org\/{rel}","templated":true}]}}