{"id":1579,"date":"2014-03-10T13:37:17","date_gmt":"2014-03-10T12:37:17","guid":{"rendered":"http:\/\/blogs.ideal.es\/cocina\/?p=1579"},"modified":"2014-03-10T13:37:17","modified_gmt":"2014-03-10T12:37:17","slug":"chivete-coleccion-125-reserva-09","status":"publish","type":"post","link":"https:\/\/blogs.ideal.es\/cocina\/2014\/03\/10\/chivete-coleccion-125-reserva-09\/","title":{"rendered":"Chivete Colecci\u00f3n 125 Reserva 09"},"content":{"rendered":"<p><a href=\"\/cocina\/wp-content\/uploads\/sites\/9\/2014\/03\/V040314.jpg\"><img loading=\"lazy\" class=\"aligncenter size-medium wp-image-1580\" title=\"V040314\" src=\"\/cocina\/wp-content\/uploads\/sites\/9\/2014\/03\/V040314-189x300.jpg\" alt=\"\" width=\"189\" height=\"300\" srcset=\"https:\/\/static-blogs.ideal.es\/wp-content\/uploads\/sites\/9\/2014\/03\/V040314-189x300.jpg 189w, https:\/\/static-blogs.ideal.es\/wp-content\/uploads\/sites\/9\/2014\/03\/V040314.jpg 504w\" sizes=\"(max-width: 189px) 100vw, 189px\" \/><\/a><\/p>\n<p>Cuando pruebe este tinto, comprender\u00e1 porque otros muchos no est\u00e1n a su altura. Vino de producci\u00f3n limitada, noble y singular, criado en barrica de roble franc\u00e9s durante 14 meses. Esta a\u00f1ada se ha elaborado tras haber escogido y vendimiado a mano solo uvas Tempranillo. \u00a0Un gran tinto que tiene buena relaci\u00f3n precio calidad<\/p>\n<p>&nbsp;<\/p>\n<!-- AddThis Advanced Settings generic via filter on the_content --><!-- AddThis Share Buttons generic via filter on the_content -->","protected":false},"excerpt":{"rendered":"<p>Cuando pruebe este tinto, comprender\u00e1 porque otros muchos no est\u00e1n a su altura. Vino de producci\u00f3n limitada, noble y singular, criado en barrica de roble franc\u00e9s durante 14 meses. Esta a\u00f1ada se ha elaborado tras haber escogido y vendimiado a mano solo uvas Tempranillo. \u00a0Un gran tinto que tiene buena relaci\u00f3n precio calidad &nbsp;<!-- AddThis Advanced Settings generic via filter on get_the_excerpt --><!-- AddThis Share Buttons generic via filter on get_the_excerpt --><\/p>\n","protected":false},"author":5,"featured_media":0,"comment_status":"open","ping_status":"open","sticky":false,"template":"","format":"standard","meta":[],"categories":[9],"tags":[],"_links":{"self":[{"href":"https:\/\/blogs.ideal.es\/cocina\/wp-json\/wp\/v2\/posts\/1579"}],"collection":[{"href":"https:\/\/blogs.ideal.es\/cocina\/wp-json\/wp\/v2\/posts"}],"about":[{"href":"https:\/\/blogs.ideal.es\/cocina\/wp-json\/wp\/v2\/types\/post"}],"author":[{"embeddable":true,"href":"https:\/\/blogs.ideal.es\/cocina\/wp-json\/wp\/v2\/users\/5"}],"replies":[{"embeddable":true,"href":"https:\/\/blogs.ideal.es\/cocina\/wp-json\/wp\/v2\/comments?post=1579"}],"version-history":[{"count":0,"href":"https:\/\/blogs.ideal.es\/cocina\/wp-json\/wp\/v2\/posts\/1579\/revisions"}],"wp:attachment":[{"href":"https:\/\/blogs.ideal.es\/cocina\/wp-json\/wp\/v2\/media?parent=1579"}],"wp:term":[{"taxonomy":"category","embeddable":true,"href":"https:\/\/blogs.ideal.es\/cocina\/wp-json\/wp\/v2\/categories?post=1579"},{"taxonomy":"post_tag","embeddable":true,"href":"https:\/\/blogs.ideal.es\/cocina\/wp-json\/wp\/v2\/tags?post=1579"}],"curies":[{"name":"wp","href":"https:\/\/api.w.org\/{rel}","templated":true}]}}