{"id":1679,"date":"2014-04-26T18:55:25","date_gmt":"2014-04-26T17:55:25","guid":{"rendered":"http:\/\/blogs.ideal.es\/cocina\/?p=1679"},"modified":"2014-04-26T18:55:25","modified_gmt":"2014-04-26T17:55:25","slug":"pimientos-dulces-mini","status":"publish","type":"post","link":"https:\/\/blogs.ideal.es\/cocina\/2014\/04\/26\/pimientos-dulces-mini\/","title":{"rendered":"Pimientos dulces mini"},"content":{"rendered":"<p><a href=\"\/cocina\/wp-content\/uploads\/sites\/9\/2014\/04\/200414a.jpg\"><img loading=\"lazy\" class=\"aligncenter size-medium wp-image-1680\" title=\"200414a\" src=\"\/cocina\/wp-content\/uploads\/sites\/9\/2014\/04\/200414a-300x180.jpg\" alt=\"\" width=\"300\" height=\"180\" srcset=\"https:\/\/static-blogs.ideal.es\/wp-content\/uploads\/sites\/9\/2014\/04\/200414a-300x180.jpg 300w, https:\/\/static-blogs.ideal.es\/wp-content\/uploads\/sites\/9\/2014\/04\/200414a.jpg 600w\" sizes=\"(max-width: 300px) 100vw, 300px\" \/><\/a><\/p>\n<p><strong><em>Los invernaderos de El Ejido ofrecen delicatessen tan naturales como los tricolores pimientos Tribelli<\/em><\/strong><\/p>\n<p>Doy un mordisco a un peque\u00f1o pimiento y me sorprende su dulzor. Es crujiente y me gust\u00f3 tomarlo en crudo. Adem\u00e1s sus &#8220;parientes&#8221; esperan felices en el plato en una ensalada con su color amarillo o fritos los naranjas. Pero dar\u00eda igual. Los tres, crudos o cocinados est\u00e1n buenos. Se comercializan en Europa. Los mini Tribelli son muy dulces, crujientes, sabrosos, con pocas semillas y son fuente de vitaminas y antioxidantes naturales. Tiene un alto contenido en vitamina C. Y se producen sin &#8220;qu\u00edmica&#8221; en El Ejido<\/p>\n<!-- AddThis Advanced Settings generic via filter on the_content --><!-- AddThis Share Buttons generic via filter on the_content -->","protected":false},"excerpt":{"rendered":"<p>Los invernaderos de El Ejido ofrecen delicatessen tan naturales como los tricolores pimientos Tribelli Doy un mordisco a un peque\u00f1o pimiento y me sorprende su dulzor. Es crujiente y me gust\u00f3 tomarlo en crudo. Adem\u00e1s sus &#8220;parientes&#8221; esperan felices en el plato en una ensalada con su color amarillo o fritos los naranjas. Pero dar\u00eda [&hellip;]<!-- AddThis Advanced Settings generic via filter on get_the_excerpt --><!-- AddThis Share Buttons generic via filter on get_the_excerpt --><\/p>\n","protected":false},"author":5,"featured_media":0,"comment_status":"open","ping_status":"open","sticky":false,"template":"","format":"standard","meta":[],"categories":[14],"tags":[],"_links":{"self":[{"href":"https:\/\/blogs.ideal.es\/cocina\/wp-json\/wp\/v2\/posts\/1679"}],"collection":[{"href":"https:\/\/blogs.ideal.es\/cocina\/wp-json\/wp\/v2\/posts"}],"about":[{"href":"https:\/\/blogs.ideal.es\/cocina\/wp-json\/wp\/v2\/types\/post"}],"author":[{"embeddable":true,"href":"https:\/\/blogs.ideal.es\/cocina\/wp-json\/wp\/v2\/users\/5"}],"replies":[{"embeddable":true,"href":"https:\/\/blogs.ideal.es\/cocina\/wp-json\/wp\/v2\/comments?post=1679"}],"version-history":[{"count":0,"href":"https:\/\/blogs.ideal.es\/cocina\/wp-json\/wp\/v2\/posts\/1679\/revisions"}],"wp:attachment":[{"href":"https:\/\/blogs.ideal.es\/cocina\/wp-json\/wp\/v2\/media?parent=1679"}],"wp:term":[{"taxonomy":"category","embeddable":true,"href":"https:\/\/blogs.ideal.es\/cocina\/wp-json\/wp\/v2\/categories?post=1679"},{"taxonomy":"post_tag","embeddable":true,"href":"https:\/\/blogs.ideal.es\/cocina\/wp-json\/wp\/v2\/tags?post=1679"}],"curies":[{"name":"wp","href":"https:\/\/api.w.org\/{rel}","templated":true}]}}