{"id":1734,"date":"2014-05-08T19:31:35","date_gmt":"2014-05-08T18:31:35","guid":{"rendered":"http:\/\/blogs.ideal.es\/cocina\/?p=1734"},"modified":"2014-05-08T19:31:35","modified_gmt":"2014-05-08T18:31:35","slug":"cerveza-el-cabo-almeriense","status":"publish","type":"post","link":"https:\/\/blogs.ideal.es\/cocina\/2014\/05\/08\/cerveza-el-cabo-almeriense\/","title":{"rendered":"Cerveza El Cabo almeriense"},"content":{"rendered":"<p><a href=\"\/cocina\/wp-content\/uploads\/sites\/9\/2014\/05\/0V040514.jpg\"><img loading=\"lazy\" class=\"aligncenter size-medium wp-image-1735\" title=\"0V040514\" src=\"\/cocina\/wp-content\/uploads\/sites\/9\/2014\/05\/0V040514-147x300.jpg\" alt=\"\" width=\"147\" height=\"300\" srcset=\"https:\/\/static-blogs.ideal.es\/wp-content\/uploads\/sites\/9\/2014\/05\/0V040514-147x300.jpg 147w, https:\/\/static-blogs.ideal.es\/wp-content\/uploads\/sites\/9\/2014\/05\/0V040514.jpg 441w\" sizes=\"(max-width: 147px) 100vw, 147px\" \/><\/a><\/p>\n<p>De lo poco que pude descubrir cuando prob\u00e9 esta cerveza es que se hace en Huercal Overa, Almer\u00eda, de producci\u00f3n artesanal. El precio sale m\u00e1s caro. Sabor agradable pero no para lo que cobra el restaurante, y a pesar de los nombres en ingles tiene toques mediterr\u00e1neos. Por supuesto t\u00f3menla fr\u00eda. Si alguien sabe m\u00e1s cosas que me las cuente.<\/p>\n<p>&nbsp;<\/p>\n<p>&nbsp;<\/p>\n<!-- AddThis Advanced Settings generic via filter on the_content --><!-- AddThis Share Buttons generic via filter on the_content -->","protected":false},"excerpt":{"rendered":"<p>De lo poco que pude descubrir cuando prob\u00e9 esta cerveza es que se hace en Huercal Overa, Almer\u00eda, de producci\u00f3n artesanal. El precio sale m\u00e1s caro. Sabor agradable pero no para lo que cobra el restaurante, y a pesar de los nombres en ingles tiene toques mediterr\u00e1neos. Por supuesto t\u00f3menla fr\u00eda. Si alguien sabe m\u00e1s [&hellip;]<!-- AddThis Advanced Settings generic via filter on get_the_excerpt --><!-- AddThis Share Buttons generic via filter on get_the_excerpt --><\/p>\n","protected":false},"author":5,"featured_media":0,"comment_status":"open","ping_status":"open","sticky":false,"template":"","format":"standard","meta":[],"categories":[9],"tags":[],"_links":{"self":[{"href":"https:\/\/blogs.ideal.es\/cocina\/wp-json\/wp\/v2\/posts\/1734"}],"collection":[{"href":"https:\/\/blogs.ideal.es\/cocina\/wp-json\/wp\/v2\/posts"}],"about":[{"href":"https:\/\/blogs.ideal.es\/cocina\/wp-json\/wp\/v2\/types\/post"}],"author":[{"embeddable":true,"href":"https:\/\/blogs.ideal.es\/cocina\/wp-json\/wp\/v2\/users\/5"}],"replies":[{"embeddable":true,"href":"https:\/\/blogs.ideal.es\/cocina\/wp-json\/wp\/v2\/comments?post=1734"}],"version-history":[{"count":0,"href":"https:\/\/blogs.ideal.es\/cocina\/wp-json\/wp\/v2\/posts\/1734\/revisions"}],"wp:attachment":[{"href":"https:\/\/blogs.ideal.es\/cocina\/wp-json\/wp\/v2\/media?parent=1734"}],"wp:term":[{"taxonomy":"category","embeddable":true,"href":"https:\/\/blogs.ideal.es\/cocina\/wp-json\/wp\/v2\/categories?post=1734"},{"taxonomy":"post_tag","embeddable":true,"href":"https:\/\/blogs.ideal.es\/cocina\/wp-json\/wp\/v2\/tags?post=1734"}],"curies":[{"name":"wp","href":"https:\/\/api.w.org\/{rel}","templated":true}]}}