{"id":1746,"date":"2014-05-11T09:19:20","date_gmt":"2014-05-11T08:19:20","guid":{"rendered":"http:\/\/blogs.ideal.es\/cocina\/?p=1746"},"modified":"2014-05-11T09:19:20","modified_gmt":"2014-05-11T08:19:20","slug":"quibia-blanco-2013-vino-del-mar","status":"publish","type":"post","link":"https:\/\/blogs.ideal.es\/cocina\/2014\/05\/11\/quibia-blanco-2013-vino-del-mar\/","title":{"rendered":"Qu\u00edbia blanco 2013 vino del mar"},"content":{"rendered":"<p><a href=\"\/cocina\/wp-content\/uploads\/sites\/9\/2014\/05\/0V050514.jpg\"><img loading=\"lazy\" class=\"aligncenter size-medium wp-image-1747\" title=\"0V050514\" src=\"\/cocina\/wp-content\/uploads\/sites\/9\/2014\/05\/0V050514-250x300.jpg\" alt=\"\" width=\"250\" height=\"300\" srcset=\"https:\/\/static-blogs.ideal.es\/wp-content\/uploads\/sites\/9\/2014\/05\/0V050514-250x300.jpg 250w, https:\/\/static-blogs.ideal.es\/wp-content\/uploads\/sites\/9\/2014\/05\/0V050514.jpg 500w\" sizes=\"(max-width: 250px) 100vw, 250px\" \/><\/a><\/p>\n<p>La bodega mallorquina \u00c1nima Negra hace tambi\u00e9n un vino blanco, con la singularidad de estar su vi\u00f1edo viejo junto al Mediterr\u00e1neo y eso influye en el sabor de este vino. Y lo que m\u00e1s se valora entre los serios en\u00f3logos; \u00a0la diferenciaci\u00f3n de las uvas. En este caso son varietales aut\u00f3ctonas: Callet, Premsal y Gir\u00f3. No las que usan todos<\/p>\n<p>&nbsp;<\/p>\n<!-- AddThis Advanced Settings generic via filter on the_content --><!-- AddThis Share Buttons generic via filter on the_content -->","protected":false},"excerpt":{"rendered":"<p>La bodega mallorquina \u00c1nima Negra hace tambi\u00e9n un vino blanco, con la singularidad de estar su vi\u00f1edo viejo junto al Mediterr\u00e1neo y eso influye en el sabor de este vino. Y lo que m\u00e1s se valora entre los serios en\u00f3logos; \u00a0la diferenciaci\u00f3n de las uvas. En este caso son varietales aut\u00f3ctonas: Callet, Premsal y Gir\u00f3. [&hellip;]<!-- AddThis Advanced Settings generic via filter on get_the_excerpt --><!-- AddThis Share Buttons generic via filter on get_the_excerpt --><\/p>\n","protected":false},"author":5,"featured_media":0,"comment_status":"open","ping_status":"open","sticky":false,"template":"","format":"standard","meta":[],"categories":[3,9],"tags":[],"_links":{"self":[{"href":"https:\/\/blogs.ideal.es\/cocina\/wp-json\/wp\/v2\/posts\/1746"}],"collection":[{"href":"https:\/\/blogs.ideal.es\/cocina\/wp-json\/wp\/v2\/posts"}],"about":[{"href":"https:\/\/blogs.ideal.es\/cocina\/wp-json\/wp\/v2\/types\/post"}],"author":[{"embeddable":true,"href":"https:\/\/blogs.ideal.es\/cocina\/wp-json\/wp\/v2\/users\/5"}],"replies":[{"embeddable":true,"href":"https:\/\/blogs.ideal.es\/cocina\/wp-json\/wp\/v2\/comments?post=1746"}],"version-history":[{"count":0,"href":"https:\/\/blogs.ideal.es\/cocina\/wp-json\/wp\/v2\/posts\/1746\/revisions"}],"wp:attachment":[{"href":"https:\/\/blogs.ideal.es\/cocina\/wp-json\/wp\/v2\/media?parent=1746"}],"wp:term":[{"taxonomy":"category","embeddable":true,"href":"https:\/\/blogs.ideal.es\/cocina\/wp-json\/wp\/v2\/categories?post=1746"},{"taxonomy":"post_tag","embeddable":true,"href":"https:\/\/blogs.ideal.es\/cocina\/wp-json\/wp\/v2\/tags?post=1746"}],"curies":[{"name":"wp","href":"https:\/\/api.w.org\/{rel}","templated":true}]}}