{"id":1771,"date":"2014-05-14T20:59:07","date_gmt":"2014-05-14T19:59:07","guid":{"rendered":"http:\/\/blogs.ideal.es\/cocina\/?p=1771"},"modified":"2014-05-14T20:59:07","modified_gmt":"2014-05-14T19:59:07","slug":"ii-edicion-del-concurso-gastronautico-del-real-club-nautico-de-motril","status":"publish","type":"post","link":"https:\/\/blogs.ideal.es\/cocina\/2014\/05\/14\/ii-edicion-del-concurso-gastronautico-del-real-club-nautico-de-motril\/","title":{"rendered":"II Edici\u00f3n del concurso Gastron\u00e1utico del Real Club N\u00e1utico de Motril"},"content":{"rendered":"<p><a href=\"\/cocina\/wp-content\/uploads\/sites\/9\/2014\/05\/Foto-media-100514a.jpg\"><img loading=\"lazy\" class=\"aligncenter size-medium wp-image-1772\" title=\"Foto media 100514a\" src=\"\/cocina\/wp-content\/uploads\/sites\/9\/2014\/05\/Foto-media-100514a-210x300.jpg\" alt=\"\" width=\"210\" height=\"300\" \/><\/a><\/p>\n<p>El 10 de junio ser\u00e1 el concurso culinario con el jurado: \u00a0Antonio Guti\u00e9rrez presidente del N\u00e1utico, Eduardo peralta director de las cuatro ediciones de IDEAL, \u00c1lvarez de la Chica, pte Autoridad Portuaria. Alfredo Amestoy, preriodista y creador del concurso. Juan Romero, de Henogra, Jos\u00e9 Garc\u00eda Fuentes, pte Mancomunidad, Bonilla, Pepe Katena, Perez Mesa, secretario y un servidor, Pablo Amate, \u00a0de presidente del certamen. Est\u00e1 patrocinado por: Tropicopter. Restaurante El Trasmallo. Mancomunidad de Municipios de la Costa Tropical. Colaboran: Serigraf\u00eda Motril. Schwppes. Bodegas Cuatro Vientos, Calvente, Vi\u00f1a Zahor y Fontedei. Ron el Mondero. Cervezas Amstel. \u00a0Paladares de la Alpujarra.<\/p>\n<p><strong>Lugar:<\/strong> Real Club N\u00e1utico de Motril<br \/>\n<strong>Concursantes:<\/strong> Almu\u00f1\u00e9car: Hotel Victoria Playa. Restaurantes de la Flor, Reina Sof\u00eda y El Balate. Calahonda: Hotel El Ancla. Restaurante El Conjuro. Motril: Hotel Robinson. Mes\u00f3n Los Faroles. Despensa de la Alpujarra. Restaurante Oleaje Playa. Salobre\u00f1a: Hotel Salobre\u00f1a. Restaurantes Vinaqua, Ar\u00e1is, Verdejo y La Biznaga.<\/p>\n<p><strong>Premios:<\/strong> \u00a0Los tres primeros clasificados recibir\u00e1n una estatuilla de la Sirenita y 600, 300 y 200 \u20ac y paseo en helic\u00f3ptero Tropicopter<\/p>\n<!-- AddThis Advanced Settings generic via filter on the_content --><!-- AddThis Share Buttons generic via filter on the_content -->","protected":false},"excerpt":{"rendered":"<p>El 10 de junio ser\u00e1 el concurso culinario con el jurado: \u00a0Antonio Guti\u00e9rrez presidente del N\u00e1utico, Eduardo peralta director de las cuatro ediciones de IDEAL, \u00c1lvarez de la Chica, pte Autoridad Portuaria. Alfredo Amestoy, preriodista y creador del concurso. Juan Romero, de Henogra, Jos\u00e9 Garc\u00eda Fuentes, pte Mancomunidad, Bonilla, Pepe Katena, Perez Mesa, secretario y [&hellip;]<!-- AddThis Advanced Settings generic via filter on get_the_excerpt --><!-- AddThis Share Buttons generic via filter on get_the_excerpt --><\/p>\n","protected":false},"author":5,"featured_media":0,"comment_status":"open","ping_status":"open","sticky":false,"template":"","format":"standard","meta":[],"categories":[3,4,5,6,8,11],"tags":[],"_links":{"self":[{"href":"https:\/\/blogs.ideal.es\/cocina\/wp-json\/wp\/v2\/posts\/1771"}],"collection":[{"href":"https:\/\/blogs.ideal.es\/cocina\/wp-json\/wp\/v2\/posts"}],"about":[{"href":"https:\/\/blogs.ideal.es\/cocina\/wp-json\/wp\/v2\/types\/post"}],"author":[{"embeddable":true,"href":"https:\/\/blogs.ideal.es\/cocina\/wp-json\/wp\/v2\/users\/5"}],"replies":[{"embeddable":true,"href":"https:\/\/blogs.ideal.es\/cocina\/wp-json\/wp\/v2\/comments?post=1771"}],"version-history":[{"count":0,"href":"https:\/\/blogs.ideal.es\/cocina\/wp-json\/wp\/v2\/posts\/1771\/revisions"}],"wp:attachment":[{"href":"https:\/\/blogs.ideal.es\/cocina\/wp-json\/wp\/v2\/media?parent=1771"}],"wp:term":[{"taxonomy":"category","embeddable":true,"href":"https:\/\/blogs.ideal.es\/cocina\/wp-json\/wp\/v2\/categories?post=1771"},{"taxonomy":"post_tag","embeddable":true,"href":"https:\/\/blogs.ideal.es\/cocina\/wp-json\/wp\/v2\/tags?post=1771"}],"curies":[{"name":"wp","href":"https:\/\/api.w.org\/{rel}","templated":true}]}}