{"id":1790,"date":"2014-05-18T18:14:40","date_gmt":"2014-05-18T17:14:40","guid":{"rendered":"http:\/\/blogs.ideal.es\/cocina\/?p=1790"},"modified":"2014-05-18T18:14:40","modified_gmt":"2014-05-18T17:14:40","slug":"merendar-un-cafe-con-pastas","status":"publish","type":"post","link":"https:\/\/blogs.ideal.es\/cocina\/2014\/05\/18\/merendar-un-cafe-con-pastas\/","title":{"rendered":"Merendar un caf\u00e9 con pastas"},"content":{"rendered":"<p><a href=\"\/cocina\/wp-content\/uploads\/sites\/9\/2014\/05\/120514.jpg\"><img loading=\"lazy\" class=\"aligncenter size-medium wp-image-1791\" title=\"120514\" src=\"\/cocina\/wp-content\/uploads\/sites\/9\/2014\/05\/120514-271x300.jpg\" alt=\"\" width=\"271\" height=\"300\" \/><\/a><\/p>\n<p>Los estudios de nutrici\u00f3n para una persona que tenga un peso correcto recomienda cinco ingestas al dia<\/p>\n<p>He querido remarcar dos conceptos en el subtitulo. Persona que no sea obesa y que son ingestas. Vamos comidas que no cinco banquetes al d\u00eda. Estos dos datos son importantes pues habr\u00e1 qui\u00e9n se considere jaleado a comer mucho m\u00e1s. Lo suyo son cantidades equilibradas de alimentos. Y ese cafelito o descafeinado a media tarde, con una pasta dulce (si no es diab\u00e9tico) entona el cuerpo hasta la hora de la cena. La cual no tiene que ser muy tard\u00eda en hora y tampoco un fest\u00edn pantagru\u00e9lico. Los &#8220;mucho&#8221; es malo para todo<\/p>\n<p>&nbsp;<\/p>\n<!-- AddThis Advanced Settings generic via filter on the_content --><!-- AddThis Share Buttons generic via filter on the_content -->","protected":false},"excerpt":{"rendered":"<p>Los estudios de nutrici\u00f3n para una persona que tenga un peso correcto recomienda cinco ingestas al dia He querido remarcar dos conceptos en el subtitulo. Persona que no sea obesa y que son ingestas. Vamos comidas que no cinco banquetes al d\u00eda. Estos dos datos son importantes pues habr\u00e1 qui\u00e9n se considere jaleado a comer [&hellip;]<!-- AddThis Advanced Settings generic via filter on get_the_excerpt --><!-- AddThis Share Buttons generic via filter on get_the_excerpt --><\/p>\n","protected":false},"author":5,"featured_media":0,"comment_status":"open","ping_status":"open","sticky":false,"template":"","format":"standard","meta":[],"categories":[3],"tags":[],"_links":{"self":[{"href":"https:\/\/blogs.ideal.es\/cocina\/wp-json\/wp\/v2\/posts\/1790"}],"collection":[{"href":"https:\/\/blogs.ideal.es\/cocina\/wp-json\/wp\/v2\/posts"}],"about":[{"href":"https:\/\/blogs.ideal.es\/cocina\/wp-json\/wp\/v2\/types\/post"}],"author":[{"embeddable":true,"href":"https:\/\/blogs.ideal.es\/cocina\/wp-json\/wp\/v2\/users\/5"}],"replies":[{"embeddable":true,"href":"https:\/\/blogs.ideal.es\/cocina\/wp-json\/wp\/v2\/comments?post=1790"}],"version-history":[{"count":0,"href":"https:\/\/blogs.ideal.es\/cocina\/wp-json\/wp\/v2\/posts\/1790\/revisions"}],"wp:attachment":[{"href":"https:\/\/blogs.ideal.es\/cocina\/wp-json\/wp\/v2\/media?parent=1790"}],"wp:term":[{"taxonomy":"category","embeddable":true,"href":"https:\/\/blogs.ideal.es\/cocina\/wp-json\/wp\/v2\/categories?post=1790"},{"taxonomy":"post_tag","embeddable":true,"href":"https:\/\/blogs.ideal.es\/cocina\/wp-json\/wp\/v2\/tags?post=1790"}],"curies":[{"name":"wp","href":"https:\/\/api.w.org\/{rel}","templated":true}]}}