{"id":1805,"date":"2014-05-20T18:07:49","date_gmt":"2014-05-20T17:07:49","guid":{"rendered":"http:\/\/blogs.ideal.es\/cocina\/?p=1805"},"modified":"2014-05-20T18:07:49","modified_gmt":"2014-05-20T17:07:49","slug":"sacar-partido-al-trenecito-turistico-en-plan-gastronomo","status":"publish","type":"post","link":"https:\/\/blogs.ideal.es\/cocina\/2014\/05\/20\/sacar-partido-al-trenecito-turistico-en-plan-gastronomo\/","title":{"rendered":"Sacar partido al trenecito tur\u00edstico en plan gastr\u00f3nomo"},"content":{"rendered":"<p><a href=\"\/cocina\/wp-content\/uploads\/sites\/9\/2014\/05\/Foto-grande-170514a.jpg\"><img loading=\"lazy\" class=\"aligncenter size-medium wp-image-1806\" title=\"Foto grande 170514a\" src=\"\/cocina\/wp-content\/uploads\/sites\/9\/2014\/05\/Foto-grande-170514a-300x245.jpg\" alt=\"\" width=\"300\" height=\"245\" \/><\/a><\/p>\n<p>Siempre nos gusta poner pegas a los avances y mejoras, sean las que sean<\/p>\n<p>Ya lo dijo mi amigo Enrique Padial &#8220;somos muy catetos&#8221;. Y a cualquier innovaci\u00f3n o progreso hay una secta de &#8220;malafollas&#8221; que le encanta fomentar la negatividad. Por eso decid\u00ed disfrutar como granadino de un servicio singular que me permiti\u00f3 ver mi ciudad con unos ojos diferentes y hacer una ruta gastron\u00f3mica sin tener que conducir ni aparcar, y llegar a zonas restringidas. Comenc\u00e9 en la plaza de la Mariana, tras un aperitivo en Chikito. El trenecito, va explicando en 15 idiomas o m\u00e1s, por donde vas y llegu\u00e9 al Campo del Pr\u00edncipe. donde hice una primera colaci\u00f3n con su tapa incluida. Lleg\u00f3 el siguiente trenecito, y como tenia el tique que por solo 8 euros me puedo bajar y subir en cualquier parada durante todo el d\u00eda, me sent\u00e9. Los ni\u00f1os hasta los 8 a\u00f1os son gratis, los mayores de 65 tienen descuento y si es del Albaycin solo le cuesta el viaje 1,50 euros. Llegamos a la Alhambra y me baje en la parada del hotel Alhambra Palace. Un disfrute su terraza y sus tapas. Un ligero paseito y dos aperitivos tentadores: La Mimbre con F\u00e9lix y Jardines Alberto con su nuevo cocinero Jean Paul, un genio. All\u00ed volv\u00ed a subirme en el trenecito que me bajo a Plaza Nueva, donde se puede uno quedar tapeando o continuar, por el mismo precio hasta el Albaycin. Es un gustazo poder ver el paisaje al no tener que conducir ni aparcar. El Albaycin da juego para todos los gustos y bolsillos. Hay dos paradas: Mirador de San Nic\u00f3las o San Miguel Bajo. Desde all\u00ed entramos a Constituci\u00f3n y por San Jer\u00f3nimo me baj\u00e9 en La Romanilla, donde muy pronto se podr\u00e1 disfrutar gastron\u00f3micamente con el nuevo dise\u00f1o del Mercado de San Agust\u00edn, al estilo de los que ya hay en Madrid, Barcelona, C\u00f3rdoba, Valladolid, etc. Desde all\u00ed te puedes apear en Puerta Real y disfrutar todos los bares y cafeter\u00edas de la zona, incluida Bib-rrambla o continuar el circuito hasta que el d\u00eda acabe. Todo por 8 euros y sin peligro de que te hagan soplar. Pero ya saben, este l\u00fadico recorrido tiene a los granadinos de siempre, muchos que ni se han subido al trenecito, poni\u00e9ndole pegas. \u00bfQue raz\u00f3n tenias Padial!.<\/p>\n<!-- AddThis Advanced Settings generic via filter on the_content --><!-- AddThis Share Buttons generic via filter on the_content -->","protected":false},"excerpt":{"rendered":"<p>Siempre nos gusta poner pegas a los avances y mejoras, sean las que sean Ya lo dijo mi amigo Enrique Padial &#8220;somos muy catetos&#8221;. Y a cualquier innovaci\u00f3n o progreso hay una secta de &#8220;malafollas&#8221; que le encanta fomentar la negatividad. Por eso decid\u00ed disfrutar como granadino de un servicio singular que me permiti\u00f3 ver [&hellip;]<!-- AddThis Advanced Settings generic via filter on get_the_excerpt --><!-- AddThis Share Buttons generic via filter on get_the_excerpt --><\/p>\n","protected":false},"author":5,"featured_media":0,"comment_status":"open","ping_status":"open","sticky":false,"template":"","format":"standard","meta":[],"categories":[3,7],"tags":[],"_links":{"self":[{"href":"https:\/\/blogs.ideal.es\/cocina\/wp-json\/wp\/v2\/posts\/1805"}],"collection":[{"href":"https:\/\/blogs.ideal.es\/cocina\/wp-json\/wp\/v2\/posts"}],"about":[{"href":"https:\/\/blogs.ideal.es\/cocina\/wp-json\/wp\/v2\/types\/post"}],"author":[{"embeddable":true,"href":"https:\/\/blogs.ideal.es\/cocina\/wp-json\/wp\/v2\/users\/5"}],"replies":[{"embeddable":true,"href":"https:\/\/blogs.ideal.es\/cocina\/wp-json\/wp\/v2\/comments?post=1805"}],"version-history":[{"count":0,"href":"https:\/\/blogs.ideal.es\/cocina\/wp-json\/wp\/v2\/posts\/1805\/revisions"}],"wp:attachment":[{"href":"https:\/\/blogs.ideal.es\/cocina\/wp-json\/wp\/v2\/media?parent=1805"}],"wp:term":[{"taxonomy":"category","embeddable":true,"href":"https:\/\/blogs.ideal.es\/cocina\/wp-json\/wp\/v2\/categories?post=1805"},{"taxonomy":"post_tag","embeddable":true,"href":"https:\/\/blogs.ideal.es\/cocina\/wp-json\/wp\/v2\/tags?post=1805"}],"curies":[{"name":"wp","href":"https:\/\/api.w.org\/{rel}","templated":true}]}}