{"id":1868,"date":"2014-06-01T07:48:46","date_gmt":"2014-06-01T06:48:46","guid":{"rendered":"http:\/\/blogs.ideal.es\/cocina\/?p=1868"},"modified":"2014-06-01T07:48:46","modified_gmt":"2014-06-01T06:48:46","slug":"tio-pepe-fino-en-rama-de-gonzalez-byass","status":"publish","type":"post","link":"https:\/\/blogs.ideal.es\/cocina\/2014\/06\/01\/tio-pepe-fino-en-rama-de-gonzalez-byass\/","title":{"rendered":"Tio Pepe Fino en rama de Gonz\u00e1lez Byass"},"content":{"rendered":"<p><a href=\"\/cocina\/wp-content\/uploads\/sites\/9\/2014\/06\/0V310514.jpg\"><img loading=\"lazy\" class=\"aligncenter size-medium wp-image-1869\" title=\"0V310514\" src=\"\/cocina\/wp-content\/uploads\/sites\/9\/2014\/06\/0V310514-107x300.jpg\" alt=\"\" width=\"107\" height=\"300\" srcset=\"https:\/\/static-blogs.ideal.es\/wp-content\/uploads\/sites\/9\/2014\/06\/0V310514-107x300.jpg 107w, https:\/\/static-blogs.ideal.es\/wp-content\/uploads\/sites\/9\/2014\/06\/0V310514.jpg 250w\" sizes=\"(max-width: 107px) 100vw, 107px\" \/><\/a><\/p>\n<p>Es la quinta edici\u00f3n de este fino elaborado en cantidades muy limitadas, se presenta este a\u00f1o m\u00e1s expresivo que nunca. Procedente de la selecci\u00f3n de las mejores botas de dos de las Soleras fundacionales de T\u00edo Pepe -Constancia y Rebollo- es la selecci\u00f3n realizada por Antonio Flores, en\u00f3logo de las bodegas de Gonz\u00e1lez Byass.<\/p>\n<p>&nbsp;<\/p>\n<!-- AddThis Advanced Settings generic via filter on the_content --><!-- AddThis Share Buttons generic via filter on the_content -->","protected":false},"excerpt":{"rendered":"<p>Es la quinta edici\u00f3n de este fino elaborado en cantidades muy limitadas, se presenta este a\u00f1o m\u00e1s expresivo que nunca. Procedente de la selecci\u00f3n de las mejores botas de dos de las Soleras fundacionales de T\u00edo Pepe -Constancia y Rebollo- es la selecci\u00f3n realizada por Antonio Flores, en\u00f3logo de las bodegas de Gonz\u00e1lez Byass. &nbsp;<!-- AddThis Advanced Settings generic via filter on get_the_excerpt --><!-- AddThis Share Buttons generic via filter on get_the_excerpt --><\/p>\n","protected":false},"author":5,"featured_media":0,"comment_status":"open","ping_status":"open","sticky":false,"template":"","format":"standard","meta":[],"categories":[9],"tags":[],"_links":{"self":[{"href":"https:\/\/blogs.ideal.es\/cocina\/wp-json\/wp\/v2\/posts\/1868"}],"collection":[{"href":"https:\/\/blogs.ideal.es\/cocina\/wp-json\/wp\/v2\/posts"}],"about":[{"href":"https:\/\/blogs.ideal.es\/cocina\/wp-json\/wp\/v2\/types\/post"}],"author":[{"embeddable":true,"href":"https:\/\/blogs.ideal.es\/cocina\/wp-json\/wp\/v2\/users\/5"}],"replies":[{"embeddable":true,"href":"https:\/\/blogs.ideal.es\/cocina\/wp-json\/wp\/v2\/comments?post=1868"}],"version-history":[{"count":0,"href":"https:\/\/blogs.ideal.es\/cocina\/wp-json\/wp\/v2\/posts\/1868\/revisions"}],"wp:attachment":[{"href":"https:\/\/blogs.ideal.es\/cocina\/wp-json\/wp\/v2\/media?parent=1868"}],"wp:term":[{"taxonomy":"category","embeddable":true,"href":"https:\/\/blogs.ideal.es\/cocina\/wp-json\/wp\/v2\/categories?post=1868"},{"taxonomy":"post_tag","embeddable":true,"href":"https:\/\/blogs.ideal.es\/cocina\/wp-json\/wp\/v2\/tags?post=1868"}],"curies":[{"name":"wp","href":"https:\/\/api.w.org\/{rel}","templated":true}]}}