{"id":1875,"date":"2014-06-01T13:40:43","date_gmt":"2014-06-01T12:40:43","guid":{"rendered":"http:\/\/blogs.ideal.es\/cocina\/?p=1875"},"modified":"2014-06-01T13:40:43","modified_gmt":"2014-06-01T12:40:43","slug":"vino-pajarete-malagueno","status":"publish","type":"post","link":"https:\/\/blogs.ideal.es\/cocina\/2014\/06\/01\/vino-pajarete-malagueno\/","title":{"rendered":"Vino pajarete malague\u00f1o"},"content":{"rendered":"<p><a href=\"\/cocina\/wp-content\/uploads\/sites\/9\/2014\/06\/pajarete.jpg\"><img loading=\"lazy\" class=\"aligncenter size-medium wp-image-1876\" title=\"pajarete\" src=\"\/cocina\/wp-content\/uploads\/sites\/9\/2014\/06\/pajarete-300x212.jpg\" alt=\"\" width=\"300\" height=\"212\" srcset=\"https:\/\/static-blogs.ideal.es\/wp-content\/uploads\/sites\/9\/2014\/06\/pajarete-300x212.jpg 300w, https:\/\/static-blogs.ideal.es\/wp-content\/uploads\/sites\/9\/2014\/06\/pajarete.jpg 400w\" sizes=\"(max-width: 300px) 100vw, 300px\" \/><\/a><\/p>\n<p>Siempre que voy a M\u00e1laga intento ir a Casa Guardia, templo \u00a0tabernario. Y all\u00ed escojo, entre sus toneles una copa de vino Pajarete, nombre de un popular vino de licor dulce malague\u00f1o. Con un contenido de az\u00facar entre 45 y 140 gr\/litro, y un envejecimiento m\u00ednimo de 2 a\u00f1os, sin adici\u00f3n de arrope y de color dorado es \u00e1mbar oscuro.<\/p>\n<!-- AddThis Advanced Settings generic via filter on the_content --><!-- AddThis Share Buttons generic via filter on the_content -->","protected":false},"excerpt":{"rendered":"<p>Siempre que voy a M\u00e1laga intento ir a Casa Guardia, templo \u00a0tabernario. Y all\u00ed escojo, entre sus toneles una copa de vino Pajarete, nombre de un popular vino de licor dulce malague\u00f1o. Con un contenido de az\u00facar entre 45 y 140 gr\/litro, y un envejecimiento m\u00ednimo de 2 a\u00f1os, sin adici\u00f3n de arrope y de [&hellip;]<!-- AddThis Advanced Settings generic via filter on get_the_excerpt --><!-- AddThis Share Buttons generic via filter on get_the_excerpt --><\/p>\n","protected":false},"author":5,"featured_media":0,"comment_status":"open","ping_status":"open","sticky":false,"template":"","format":"standard","meta":[],"categories":[9],"tags":[],"_links":{"self":[{"href":"https:\/\/blogs.ideal.es\/cocina\/wp-json\/wp\/v2\/posts\/1875"}],"collection":[{"href":"https:\/\/blogs.ideal.es\/cocina\/wp-json\/wp\/v2\/posts"}],"about":[{"href":"https:\/\/blogs.ideal.es\/cocina\/wp-json\/wp\/v2\/types\/post"}],"author":[{"embeddable":true,"href":"https:\/\/blogs.ideal.es\/cocina\/wp-json\/wp\/v2\/users\/5"}],"replies":[{"embeddable":true,"href":"https:\/\/blogs.ideal.es\/cocina\/wp-json\/wp\/v2\/comments?post=1875"}],"version-history":[{"count":0,"href":"https:\/\/blogs.ideal.es\/cocina\/wp-json\/wp\/v2\/posts\/1875\/revisions"}],"wp:attachment":[{"href":"https:\/\/blogs.ideal.es\/cocina\/wp-json\/wp\/v2\/media?parent=1875"}],"wp:term":[{"taxonomy":"category","embeddable":true,"href":"https:\/\/blogs.ideal.es\/cocina\/wp-json\/wp\/v2\/categories?post=1875"},{"taxonomy":"post_tag","embeddable":true,"href":"https:\/\/blogs.ideal.es\/cocina\/wp-json\/wp\/v2\/tags?post=1875"}],"curies":[{"name":"wp","href":"https:\/\/api.w.org\/{rel}","templated":true}]}}