{"id":1983,"date":"2014-07-01T14:34:26","date_gmt":"2014-07-01T13:34:26","guid":{"rendered":"http:\/\/blogs.ideal.es\/cocina\/?p=1983"},"modified":"2014-07-01T14:34:26","modified_gmt":"2014-07-01T13:34:26","slug":"lagar-de-cervera-albarino-2013","status":"publish","type":"post","link":"https:\/\/blogs.ideal.es\/cocina\/2014\/07\/01\/lagar-de-cervera-albarino-2013\/","title":{"rendered":"Lagar de Cervera Albari\u00f1o 2013"},"content":{"rendered":"<p><a href=\"\/cocina\/wp-content\/uploads\/sites\/9\/2014\/07\/0V250614.jpg\"><img loading=\"lazy\" class=\"aligncenter size-medium wp-image-1984\" title=\"0V250614\" src=\"\/cocina\/wp-content\/uploads\/sites\/9\/2014\/07\/0V250614-300x300.jpg\" alt=\"\" width=\"300\" height=\"300\" srcset=\"https:\/\/static-blogs.ideal.es\/wp-content\/uploads\/sites\/9\/2014\/07\/0V250614-300x300.jpg 300w, https:\/\/static-blogs.ideal.es\/wp-content\/uploads\/sites\/9\/2014\/07\/0V250614-150x150.jpg 150w, https:\/\/static-blogs.ideal.es\/wp-content\/uploads\/sites\/9\/2014\/07\/0V250614.jpg 600w\" sizes=\"(max-width: 300px) 100vw, 300px\" \/><\/a><\/p>\n<p>La cosecha 2013 de sus vi\u00f1edos se caracteriz\u00f3 por el magn\u00edfico estado de la uva albari\u00f1o, uno de los mejores de los \u00faltimos a\u00f1os. La esmerada selecci\u00f3n de los racimos en vendimia manual ya en la propia vi\u00f1a y el posterior control en la mesa de selecci\u00f3n garantiz\u00f3 la entrada de una uva de gran calidad en bodega. Lo que hizo un gran vino<\/p>\n<p>&nbsp;<\/p>\n<p>&nbsp;<\/p>\n<!-- AddThis Advanced Settings generic via filter on the_content --><!-- AddThis Share Buttons generic via filter on the_content -->","protected":false},"excerpt":{"rendered":"<p>La cosecha 2013 de sus vi\u00f1edos se caracteriz\u00f3 por el magn\u00edfico estado de la uva albari\u00f1o, uno de los mejores de los \u00faltimos a\u00f1os. La esmerada selecci\u00f3n de los racimos en vendimia manual ya en la propia vi\u00f1a y el posterior control en la mesa de selecci\u00f3n garantiz\u00f3 la entrada de una uva de gran [&hellip;]<!-- AddThis Advanced Settings generic via filter on get_the_excerpt --><!-- AddThis Share Buttons generic via filter on get_the_excerpt --><\/p>\n","protected":false},"author":5,"featured_media":0,"comment_status":"open","ping_status":"open","sticky":false,"template":"","format":"standard","meta":[],"categories":[9],"tags":[],"_links":{"self":[{"href":"https:\/\/blogs.ideal.es\/cocina\/wp-json\/wp\/v2\/posts\/1983"}],"collection":[{"href":"https:\/\/blogs.ideal.es\/cocina\/wp-json\/wp\/v2\/posts"}],"about":[{"href":"https:\/\/blogs.ideal.es\/cocina\/wp-json\/wp\/v2\/types\/post"}],"author":[{"embeddable":true,"href":"https:\/\/blogs.ideal.es\/cocina\/wp-json\/wp\/v2\/users\/5"}],"replies":[{"embeddable":true,"href":"https:\/\/blogs.ideal.es\/cocina\/wp-json\/wp\/v2\/comments?post=1983"}],"version-history":[{"count":0,"href":"https:\/\/blogs.ideal.es\/cocina\/wp-json\/wp\/v2\/posts\/1983\/revisions"}],"wp:attachment":[{"href":"https:\/\/blogs.ideal.es\/cocina\/wp-json\/wp\/v2\/media?parent=1983"}],"wp:term":[{"taxonomy":"category","embeddable":true,"href":"https:\/\/blogs.ideal.es\/cocina\/wp-json\/wp\/v2\/categories?post=1983"},{"taxonomy":"post_tag","embeddable":true,"href":"https:\/\/blogs.ideal.es\/cocina\/wp-json\/wp\/v2\/tags?post=1983"}],"curies":[{"name":"wp","href":"https:\/\/api.w.org\/{rel}","templated":true}]}}