{"id":2088,"date":"2014-08-30T16:20:47","date_gmt":"2014-08-30T15:20:47","guid":{"rendered":"http:\/\/blogs.ideal.es\/cocina\/?p=2088"},"modified":"2014-08-30T16:20:47","modified_gmt":"2014-08-30T15:20:47","slug":"champan-henri-abele-del-titanic","status":"publish","type":"post","link":"https:\/\/blogs.ideal.es\/cocina\/2014\/08\/30\/champan-henri-abele-del-titanic\/","title":{"rendered":"Champ\u00e1n Henr\u00ed Abel\u00e9 del Titanic"},"content":{"rendered":"<p><a href=\"\/cocina\/wp-content\/uploads\/sites\/9\/2014\/08\/0V310814-A.jpg\"><img loading=\"lazy\" class=\"aligncenter size-medium wp-image-2089\" title=\"0V310814 A\" src=\"\/cocina\/wp-content\/uploads\/sites\/9\/2014\/08\/0V310814-A-300x199.jpg\" alt=\"\" width=\"300\" height=\"199\" \/><\/a><\/p>\n<p><strong>Este champ\u00e1n se presenta tambi\u00e9n en estuches de madera\u00a0<\/strong>para la<strong>\u00a0edici\u00f3n limitada de champagne Henri Abel\u00e9\u00a0<\/strong>conmemorativa del<strong>centenario del Titanic<\/strong><\/p>\n<p>Se trata de un\u00a0<strong>estuche de alta gama de madera\u00a0<\/strong>de wengue barnizada al \u00a0natural con interior de espuma aterciopelada beige y\u00a0 bisagras a compas recordando los cofres de la \u00e9poca con acabados de lujo consiguiendo el glamour de la \u00e9poca.<\/p>\n<p><a href=\"\/cocina\/wp-content\/uploads\/sites\/9\/2014\/08\/0V310814B.jpg\"><img loading=\"lazy\" class=\"aligncenter size-medium wp-image-2090\" title=\"0V310814B\" src=\"\/cocina\/wp-content\/uploads\/sites\/9\/2014\/08\/0V310814B-300x225.jpg\" alt=\"\" width=\"300\" height=\"225\" srcset=\"https:\/\/static-blogs.ideal.es\/wp-content\/uploads\/sites\/9\/2014\/08\/0V310814B-300x225.jpg 300w, https:\/\/static-blogs.ideal.es\/wp-content\/uploads\/sites\/9\/2014\/08\/0V310814B-768x576.jpg 768w, https:\/\/static-blogs.ideal.es\/wp-content\/uploads\/sites\/9\/2014\/08\/0V310814B-1024x768.jpg 1024w, https:\/\/static-blogs.ideal.es\/wp-content\/uploads\/sites\/9\/2014\/08\/0V310814B.jpg 1600w\" sizes=\"(max-width: 300px) 100vw, 300px\" \/><\/a><\/p>\n<p>Hoy beberemos unas botellas de este champ\u00e1n franc\u00e9s &#8220;de coleccionistas&#8221; elaborado en<br \/>\nconmemoraci\u00f3n del centenario del hundimiento del TITANIC. La cava recuerda este excelente champ\u00e1n que fue recuperando del pecio y que se sirvi\u00f3 en la \u00faltima cena del Titanic. Solo hay 3.000 botellas en el mundo. Edici\u00f3n muy limitada especial<\/p>\n<!-- AddThis Advanced Settings generic via filter on the_content --><!-- AddThis Share Buttons generic via filter on the_content -->","protected":false},"excerpt":{"rendered":"<p>Este champ\u00e1n se presenta tambi\u00e9n en estuches de madera\u00a0para la\u00a0edici\u00f3n limitada de champagne Henri Abel\u00e9\u00a0conmemorativa delcentenario del Titanic Se trata de un\u00a0estuche de alta gama de madera\u00a0de wengue barnizada al \u00a0natural con interior de espuma aterciopelada beige y\u00a0 bisagras a compas recordando los cofres de la \u00e9poca con acabados de lujo consiguiendo el glamour de [&hellip;]<!-- AddThis Advanced Settings generic via filter on get_the_excerpt --><!-- AddThis Share Buttons generic via filter on get_the_excerpt --><\/p>\n","protected":false},"author":5,"featured_media":0,"comment_status":"open","ping_status":"open","sticky":false,"template":"","format":"standard","meta":[],"categories":[3,9],"tags":[],"_links":{"self":[{"href":"https:\/\/blogs.ideal.es\/cocina\/wp-json\/wp\/v2\/posts\/2088"}],"collection":[{"href":"https:\/\/blogs.ideal.es\/cocina\/wp-json\/wp\/v2\/posts"}],"about":[{"href":"https:\/\/blogs.ideal.es\/cocina\/wp-json\/wp\/v2\/types\/post"}],"author":[{"embeddable":true,"href":"https:\/\/blogs.ideal.es\/cocina\/wp-json\/wp\/v2\/users\/5"}],"replies":[{"embeddable":true,"href":"https:\/\/blogs.ideal.es\/cocina\/wp-json\/wp\/v2\/comments?post=2088"}],"version-history":[{"count":0,"href":"https:\/\/blogs.ideal.es\/cocina\/wp-json\/wp\/v2\/posts\/2088\/revisions"}],"wp:attachment":[{"href":"https:\/\/blogs.ideal.es\/cocina\/wp-json\/wp\/v2\/media?parent=2088"}],"wp:term":[{"taxonomy":"category","embeddable":true,"href":"https:\/\/blogs.ideal.es\/cocina\/wp-json\/wp\/v2\/categories?post=2088"},{"taxonomy":"post_tag","embeddable":true,"href":"https:\/\/blogs.ideal.es\/cocina\/wp-json\/wp\/v2\/tags?post=2088"}],"curies":[{"name":"wp","href":"https:\/\/api.w.org\/{rel}","templated":true}]}}