{"id":2091,"date":"2014-09-05T13:07:13","date_gmt":"2014-09-05T12:07:13","guid":{"rendered":"http:\/\/blogs.ideal.es\/cocina\/?p=2091"},"modified":"2014-09-05T13:07:13","modified_gmt":"2014-09-05T12:07:13","slug":"alejandro-de-roquetas-1-estrella-michelin-y-2-soles-repsol","status":"publish","type":"post","link":"https:\/\/blogs.ideal.es\/cocina\/2014\/09\/05\/alejandro-de-roquetas-1-estrella-michelin-y-2-soles-repsol\/","title":{"rendered":"Alejandro de Roquetas, 1 estrella Michelin y 2 soles Repsol"},"content":{"rendered":"<p>El cocinero almeriense Alejandro, tras sus \u00e9xitos en Hong Kong, una ciudad dif\u00edcil por la gran variedad de culturas y el alto poder econ\u00f3mico de muchos de sus habitantes. Y ahora se establece en M\u00e9xico D.F, o sea, la capital de la rep\u00fablica mexicana. Otra gran ciudad (desde el avi\u00f3n nunca se acaba de ver) llena de vida y ahora en plena recuperaci\u00f3n gastron\u00f3mica. Y es all\u00ed, arropado por un prestigioso grupo madrile\u00f1o especializado en alta cocina. Alejandro estar\u00e1 en Granada Gourmet, realizando una ponencia y una cena el domingo 28 de septiembre<\/p>\n<p>Local: Alejandro de Roquetas<br \/>\nDirecci\u00f3n: Avd Antonio Machado 32 (Puerto marinero) Roquetas de Mar (Almer\u00eda)<br \/>\nTel\u00e9fono:950 322408<br \/>\nGranada Gourmet: Tiene a las 19:00 su ponencia y a las 21:00 dar\u00e1 una selecta cena degustaci\u00f3n con variados platos y vinos escogidos, incluidos \u00a0en el precio.<br \/>\nPrecio por persona: 50 euros<br \/>\nEn sus pescados destacar: Salmonete de roca sin trabajo con ajoblanco, tomate a las 24h y aceituna negra.<\/p>\n<p>&nbsp;<\/p>\n<!-- AddThis Advanced Settings generic via filter on the_content --><!-- AddThis Share Buttons generic via filter on the_content -->","protected":false},"excerpt":{"rendered":"<p>El cocinero almeriense Alejandro, tras sus \u00e9xitos en Hong Kong, una ciudad dif\u00edcil por la gran variedad de culturas y el alto poder econ\u00f3mico de muchos de sus habitantes. Y ahora se establece en M\u00e9xico D.F, o sea, la capital de la rep\u00fablica mexicana. Otra gran ciudad (desde el avi\u00f3n nunca se acaba de ver) [&hellip;]<!-- AddThis Advanced Settings generic via filter on get_the_excerpt --><!-- AddThis Share Buttons generic via filter on get_the_excerpt --><\/p>\n","protected":false},"author":5,"featured_media":0,"comment_status":"open","ping_status":"open","sticky":false,"template":"","format":"standard","meta":[],"categories":[3],"tags":[],"_links":{"self":[{"href":"https:\/\/blogs.ideal.es\/cocina\/wp-json\/wp\/v2\/posts\/2091"}],"collection":[{"href":"https:\/\/blogs.ideal.es\/cocina\/wp-json\/wp\/v2\/posts"}],"about":[{"href":"https:\/\/blogs.ideal.es\/cocina\/wp-json\/wp\/v2\/types\/post"}],"author":[{"embeddable":true,"href":"https:\/\/blogs.ideal.es\/cocina\/wp-json\/wp\/v2\/users\/5"}],"replies":[{"embeddable":true,"href":"https:\/\/blogs.ideal.es\/cocina\/wp-json\/wp\/v2\/comments?post=2091"}],"version-history":[{"count":0,"href":"https:\/\/blogs.ideal.es\/cocina\/wp-json\/wp\/v2\/posts\/2091\/revisions"}],"wp:attachment":[{"href":"https:\/\/blogs.ideal.es\/cocina\/wp-json\/wp\/v2\/media?parent=2091"}],"wp:term":[{"taxonomy":"category","embeddable":true,"href":"https:\/\/blogs.ideal.es\/cocina\/wp-json\/wp\/v2\/categories?post=2091"},{"taxonomy":"post_tag","embeddable":true,"href":"https:\/\/blogs.ideal.es\/cocina\/wp-json\/wp\/v2\/tags?post=2091"}],"curies":[{"name":"wp","href":"https:\/\/api.w.org\/{rel}","templated":true}]}}