{"id":2093,"date":"2014-09-05T13:29:51","date_gmt":"2014-09-05T12:29:51","guid":{"rendered":"http:\/\/blogs.ideal.es\/cocina\/?p=2093"},"modified":"2014-09-05T13:29:51","modified_gmt":"2014-09-05T12:29:51","slug":"lutz-de-finca-cortesin-la-gran-noche-de-granada-gourmet","status":"publish","type":"post","link":"https:\/\/blogs.ideal.es\/cocina\/2014\/09\/05\/lutz-de-finca-cortesin-la-gran-noche-de-granada-gourmet\/","title":{"rendered":"Lutz de Finca Cortes\u00edn la gran noche de Granada Gourmet"},"content":{"rendered":"<p>Lutz Bosing est\u00e1 en su mejor momento como chef en el destino de m\u00e1s lujo de Espa\u00f1a<\/p>\n<p>&nbsp;<\/p>\n<p>Para algunos el lujo puede ser inc\u00f3modo. Ese es el concepto antiguo que se tiene, sobre todo por aquellos que no se animan a conocer un destino de la categor\u00eda. En este caso Finca Cortes\u00edn es un hotel de 5 estrellas con la catalogaci\u00f3n de &#8220;gran lujo&#8221;. Yo recomiendo, para que me pueda explicar mejor, que si tienen un ordenador a mano entren en su p\u00e1gina web (fincacortesin.com) La miren y me sigan leyendo. Muchas gracias.<br \/>\nSu chef ejecutivo, Lutz Bosing esta muy preparado y ha dado de comer a reyes, arist\u00f3cratas y a muchos de los personajes m\u00e1s famosos del mundo. Pero su forma de ser, el sentido elegante de la alta escuela hostelera y el nivel de Finca Cortes\u00edn, no es de la costumbre de otros restaurantes que al salir el famoso (o parecido), por la puerta ya est\u00e1n llamando a la prensa para contarlo. Este tipo de destino es otra cosa. &#8220;la gran diferencia&#8221;. Pero he logrado convencer a Bosing y a Rene Zimmer, amigo y director general (que no es poca responsabilidad) de Finca Cortes\u00edn, que nos cuente algunos de sus secretos. Entre ellos, por supuesto, la linea de platos que se ofrecen para el cliente que conoce los mejores hoteles y restaurantes del mundo. As\u00ed de claro y as\u00ed de dific\u00edl.<br \/>\nMediterr\u00e1neo y vanguardia<br \/>\nPara mi el lujo consiste en tomar un excelsos boquerones fritos, servidos al filo del Beach Club privado de Finca Cortes\u00edn, sobre un mantel blanco impoluto, acompa\u00f1ados de unas copas de champ\u00e1n franc\u00e9s. En pantal\u00f3n corto, con un camarero, amigo, andaluz y que trabaj\u00f3 con El Bulli y con Santi Santamar\u00eda. Despu\u00e9s seguir con un adobo de lubina y unos lomos de salmonetes plancha. No hace falta otra cosa. Y despu\u00e9s seguir disfrutando de este conjunto enclavado en una finca de 215 hect\u00e1reas, 150 de las cuales se dedican a zona verde y, est\u00e1 estructurado en 5 grandes \u00e1reas: Hotel, Golf, Spa y Club Deportivo, Beach Club y Zona Residencial.A la noche nos espera cena en El Jard\u00edn. All\u00ed Lutz propone sabores apasionantes actuales con el mar al fondo y en un lujoso jard\u00edn. Miren la web<\/p>\n<p>&nbsp;<\/p>\n<!-- AddThis Advanced Settings generic via filter on the_content --><!-- AddThis Share Buttons generic via filter on the_content -->","protected":false},"excerpt":{"rendered":"<p>Lutz Bosing est\u00e1 en su mejor momento como chef en el destino de m\u00e1s lujo de Espa\u00f1a &nbsp; Para algunos el lujo puede ser inc\u00f3modo. Ese es el concepto antiguo que se tiene, sobre todo por aquellos que no se animan a conocer un destino de la categor\u00eda. En este caso Finca Cortes\u00edn es un [&hellip;]<!-- AddThis Advanced Settings generic via filter on get_the_excerpt --><!-- AddThis Share Buttons generic via filter on get_the_excerpt --><\/p>\n","protected":false},"author":5,"featured_media":0,"comment_status":"open","ping_status":"open","sticky":false,"template":"","format":"standard","meta":[],"categories":[3,6],"tags":[],"_links":{"self":[{"href":"https:\/\/blogs.ideal.es\/cocina\/wp-json\/wp\/v2\/posts\/2093"}],"collection":[{"href":"https:\/\/blogs.ideal.es\/cocina\/wp-json\/wp\/v2\/posts"}],"about":[{"href":"https:\/\/blogs.ideal.es\/cocina\/wp-json\/wp\/v2\/types\/post"}],"author":[{"embeddable":true,"href":"https:\/\/blogs.ideal.es\/cocina\/wp-json\/wp\/v2\/users\/5"}],"replies":[{"embeddable":true,"href":"https:\/\/blogs.ideal.es\/cocina\/wp-json\/wp\/v2\/comments?post=2093"}],"version-history":[{"count":0,"href":"https:\/\/blogs.ideal.es\/cocina\/wp-json\/wp\/v2\/posts\/2093\/revisions"}],"wp:attachment":[{"href":"https:\/\/blogs.ideal.es\/cocina\/wp-json\/wp\/v2\/media?parent=2093"}],"wp:term":[{"taxonomy":"category","embeddable":true,"href":"https:\/\/blogs.ideal.es\/cocina\/wp-json\/wp\/v2\/categories?post=2093"},{"taxonomy":"post_tag","embeddable":true,"href":"https:\/\/blogs.ideal.es\/cocina\/wp-json\/wp\/v2\/tags?post=2093"}],"curies":[{"name":"wp","href":"https:\/\/api.w.org\/{rel}","templated":true}]}}