{"id":2098,"date":"2014-09-12T19:50:54","date_gmt":"2014-09-12T18:50:54","guid":{"rendered":"http:\/\/blogs.ideal.es\/cocina\/?p=2098"},"modified":"2014-09-12T19:50:54","modified_gmt":"2014-09-12T18:50:54","slug":"galletas-de-morcilla-de-cardena","status":"publish","type":"post","link":"https:\/\/blogs.ideal.es\/cocina\/2014\/09\/12\/galletas-de-morcilla-de-cardena\/","title":{"rendered":"Galletas de morcilla de Carde\u00f1a"},"content":{"rendered":"<p><a href=\"\/cocina\/wp-content\/uploads\/sites\/9\/2014\/09\/070914.jpg\"><img loading=\"lazy\" class=\"aligncenter size-medium wp-image-2099\" title=\"070914\" src=\"\/cocina\/wp-content\/uploads\/sites\/9\/2014\/09\/070914-300x300.jpg\" alt=\"\" width=\"300\" height=\"300\" srcset=\"https:\/\/static-blogs.ideal.es\/wp-content\/uploads\/sites\/9\/2014\/09\/070914-300x300.jpg 300w, https:\/\/static-blogs.ideal.es\/wp-content\/uploads\/sites\/9\/2014\/09\/070914-150x150.jpg 150w, https:\/\/static-blogs.ideal.es\/wp-content\/uploads\/sites\/9\/2014\/09\/070914.jpg 600w\" sizes=\"(max-width: 300px) 100vw, 300px\" \/><\/a><\/p>\n<p><strong><em>Embutidos de Carde\u00f1a es una empresa artesana tradicional burgalesa desde 1925. Ahora, hace tradici\u00f3n y crea vanguardia\u00a0<\/em><\/strong><\/p>\n<p>Se imaginan lo que pueden presumir en su pr\u00f3xima cita gastron\u00f3mica con sus amigos \/ familia, al verlo aparecer con unas galletas de morcilla de Burgos. &#8220;La releche&#8221;. Este producto ha sido desarrollado con Enrique V\u00e1zquez, motivados por la necesidad de crear un postre de morcilla. Una nueva innovaci\u00f3n gastron\u00f3mica de la mano de pasteler\u00eda Xocolart y Embutidos de Carde\u00f1a. En los \u00faltimos a\u00f1os ha evolucionado y experimentado con nuevos sabores y se ha convertido en una empresa capaz de satisfacer tanto los paladares m\u00e1s castizos y tradicionales<\/p>\n<!-- AddThis Advanced Settings generic via filter on the_content --><!-- AddThis Share Buttons generic via filter on the_content -->","protected":false},"excerpt":{"rendered":"<p>Embutidos de Carde\u00f1a es una empresa artesana tradicional burgalesa desde 1925. Ahora, hace tradici\u00f3n y crea vanguardia\u00a0 Se imaginan lo que pueden presumir en su pr\u00f3xima cita gastron\u00f3mica con sus amigos \/ familia, al verlo aparecer con unas galletas de morcilla de Burgos. &#8220;La releche&#8221;. Este producto ha sido desarrollado con Enrique V\u00e1zquez, motivados por [&hellip;]<!-- AddThis Advanced Settings generic via filter on get_the_excerpt --><!-- AddThis Share Buttons generic via filter on get_the_excerpt --><\/p>\n","protected":false},"author":5,"featured_media":0,"comment_status":"open","ping_status":"open","sticky":false,"template":"","format":"standard","meta":[],"categories":[3],"tags":[],"_links":{"self":[{"href":"https:\/\/blogs.ideal.es\/cocina\/wp-json\/wp\/v2\/posts\/2098"}],"collection":[{"href":"https:\/\/blogs.ideal.es\/cocina\/wp-json\/wp\/v2\/posts"}],"about":[{"href":"https:\/\/blogs.ideal.es\/cocina\/wp-json\/wp\/v2\/types\/post"}],"author":[{"embeddable":true,"href":"https:\/\/blogs.ideal.es\/cocina\/wp-json\/wp\/v2\/users\/5"}],"replies":[{"embeddable":true,"href":"https:\/\/blogs.ideal.es\/cocina\/wp-json\/wp\/v2\/comments?post=2098"}],"version-history":[{"count":0,"href":"https:\/\/blogs.ideal.es\/cocina\/wp-json\/wp\/v2\/posts\/2098\/revisions"}],"wp:attachment":[{"href":"https:\/\/blogs.ideal.es\/cocina\/wp-json\/wp\/v2\/media?parent=2098"}],"wp:term":[{"taxonomy":"category","embeddable":true,"href":"https:\/\/blogs.ideal.es\/cocina\/wp-json\/wp\/v2\/categories?post=2098"},{"taxonomy":"post_tag","embeddable":true,"href":"https:\/\/blogs.ideal.es\/cocina\/wp-json\/wp\/v2\/tags?post=2098"}],"curies":[{"name":"wp","href":"https:\/\/api.w.org\/{rel}","templated":true}]}}