{"id":218,"date":"2008-01-08T20:35:38","date_gmt":"2008-01-08T20:35:38","guid":{"rendered":"http:\/\/blogs.ideal.es\/cocina\/?p=218"},"modified":"2008-01-08T20:35:38","modified_gmt":"2008-01-08T20:35:38","slug":"croquetas-berenjenas","status":"publish","type":"post","link":"https:\/\/blogs.ideal.es\/cocina\/2008\/01\/08\/croquetas-berenjenas\/","title":{"rendered":"Croquetas de berenjenas"},"content":{"rendered":"<p><P><IMG src=\"\/cocina\/files\/090108-croqueta-berenjenas_01.jpg\"><\/P><P>&nbsp;<\/P><P><EM>No siempre tienen que ser de jam\u00f3n o de pollo, est\u00e1n son para vegetarianos, y m\u00e1s <BR><\/EM>&nbsp;<BR><STRONG>Ingredientes :<BR><\/STRONG>Pan rallado <BR>Berenjenas ralladas por la parte mas gruesa <BR>1 Cebolla peque\u00f1a <BR>1 ajo triturado <BR>1 zanahoria peque\u00f1a <BR>Comino <BR>sal y aceite de oliva virgen extra picual<BR><STRONG>Elaboraci\u00f3n:&nbsp; <BR><\/STRONG>Se pica la cebolla, zanahoria, ajo, se le a\u00f1ade el comino y la sal. se mezcla con la berenjena previamente rallada y el pan rallado, se forma las croquetas y se pasan por pan rallado, En un sart\u00e9n con el aceite&nbsp; bien caliente, se ponen&nbsp; las croquetas y freir. Escurrir sobre un papel absorbente y comer calientes. <\/P><P>&nbsp;<\/P><P><IMG hspace=5 src=\"\/cocina\/files\/v090108-bracamonte-.jpg\" align=left vspace=5><BR><\/P><P>&nbsp;<\/P><P>&nbsp;<\/P><P>&nbsp;<\/P><P><STRONG>Bracamonte&nbsp; Crianza 2003<\/STRONG><BR>Destaca este Ribera de Duero que sus uvas son tempranillo. Lo que en la comarca llaman Tinta del pa\u00eds. Elaborado por <STRONG>Bodegas Yllera<\/STRONG> tiene color rojo picota. Limpio en nariz, con aromas frutales y notas de su paso por madera (vainilla, tonos tostados, especias, regaliz, trufas) Gran estructura en boca, carnoso, expresivo, suave y amplio. <\/P><\/p>\n<!-- AddThis Advanced Settings generic via filter on the_content --><!-- AddThis Share Buttons generic via filter on the_content -->","protected":false},"excerpt":{"rendered":"<p>&nbsp;No siempre tienen que ser de jam\u00f3n o de pollo, est\u00e1n son para vegetarianos, y m\u00e1s &nbsp;Ingredientes :Pan rallado Berenjenas ralladas por la parte mas gruesa 1 Cebolla peque\u00f1a 1 ajo triturado 1 zanahoria peque\u00f1a Comino sal y aceite de oliva virgen extra picualElaboraci\u00f3n:&nbsp; Se pica la cebolla, zanahoria, ajo, se le a\u00f1ade el comino [&hellip;]<!-- AddThis Advanced Settings generic via filter on get_the_excerpt --><!-- AddThis Share Buttons generic via filter on get_the_excerpt --><\/p>\n","protected":false},"author":5,"featured_media":0,"comment_status":"open","ping_status":"closed","sticky":false,"template":"","format":"standard","meta":[],"categories":[15],"tags":[],"_links":{"self":[{"href":"https:\/\/blogs.ideal.es\/cocina\/wp-json\/wp\/v2\/posts\/218"}],"collection":[{"href":"https:\/\/blogs.ideal.es\/cocina\/wp-json\/wp\/v2\/posts"}],"about":[{"href":"https:\/\/blogs.ideal.es\/cocina\/wp-json\/wp\/v2\/types\/post"}],"author":[{"embeddable":true,"href":"https:\/\/blogs.ideal.es\/cocina\/wp-json\/wp\/v2\/users\/5"}],"replies":[{"embeddable":true,"href":"https:\/\/blogs.ideal.es\/cocina\/wp-json\/wp\/v2\/comments?post=218"}],"version-history":[{"count":0,"href":"https:\/\/blogs.ideal.es\/cocina\/wp-json\/wp\/v2\/posts\/218\/revisions"}],"wp:attachment":[{"href":"https:\/\/blogs.ideal.es\/cocina\/wp-json\/wp\/v2\/media?parent=218"}],"wp:term":[{"taxonomy":"category","embeddable":true,"href":"https:\/\/blogs.ideal.es\/cocina\/wp-json\/wp\/v2\/categories?post=218"},{"taxonomy":"post_tag","embeddable":true,"href":"https:\/\/blogs.ideal.es\/cocina\/wp-json\/wp\/v2\/tags?post=218"}],"curies":[{"name":"wp","href":"https:\/\/api.w.org\/{rel}","templated":true}]}}