{"id":220,"date":"2008-01-10T20:01:24","date_gmt":"2008-01-10T20:01:24","guid":{"rendered":"http:\/\/blogs.ideal.es\/cocina\/?p=220"},"modified":"2008-01-10T20:01:24","modified_gmt":"2008-01-10T20:01:24","slug":"huevos-fritos-santaella","status":"publish","type":"post","link":"https:\/\/blogs.ideal.es\/cocina\/2008\/01\/10\/huevos-fritos-santaella\/","title":{"rendered":"Huevos fritos &#8220;Santaella&#8221;"},"content":{"rendered":"<p><P><IMG src=\"\/cocina\/files\/110108.-huevos-fritos-jamon-.jpg\"><\/P><P>&nbsp;<\/P><P><EM>Este plato lo com\u00ed muchas veces con&nbsp; mi amigo&nbsp; <STRONG>Manolo Santaella<\/STRONG>, Director de Comunicaci\u00f3n de Cetursa &#8211; Sierra Nevada.<\/EM>&nbsp; <\/P><P><STRONG>Ingredientes :<BR><\/STRONG>Un par de huevos<BR>Aceite de oliva virgen extra<BR>Patatas normales para freir<BR>Unas lonchas finas de jam\u00f3n ib\u00e9rico veteado<BR><STRONG>Elaboraci\u00f3n:<BR><\/STRONG>Pelar las patatas y cortar para freir. Dar toque de sal y en una sart\u00e9n, como nos gusta a nosotros, amigo Manolo. Le damos un punto doradito y algo crujiente. Encima le ponemos unas lonchas finas de &#8220;pata negra&#8221; mientras que en el mismo aceite fre\u00edmos un par de huevos por cabeza. Componemos el plato con agrado y lo recuerdo en tu nombre.&nbsp; El plato pueden verlo a color en ideal.es, \/blog: La Cocina Ideal. <\/P><P>&nbsp;<\/P><P><IMG hspace=5 src=\"\/cocina\/files\/v110108-marques-villamagna-gran-reserva.jpg\" align=left vspace=5><\/P><P>&nbsp;<\/P><P>&nbsp;<\/P><P>&nbsp;<\/P><P>&nbsp;<\/P><P><STRONG>Marqu\u00e9s de Villamagna <\/STRONG><STRONG>Gran Reserva 2001<BR><\/STRONG>Vuelvo a reivindicar los grandes reservas en la mesa. No solo en las vitrinas. Este soberbio tinto cosecha 2001, de <STRONG>Bodegas Juan Alcorta de Logro\u00f1o<\/STRONG>, se hace con uvas tempranillo, graciano y mazuelo, de cepas con m\u00e1s de 30 a\u00f1os. Buen color, elegante aroma y soberbio paso en boca.&nbsp;&nbsp;&nbsp; <\/P><\/p>\n<!-- AddThis Advanced Settings generic via filter on the_content --><!-- AddThis Share Buttons generic via filter on the_content -->","protected":false},"excerpt":{"rendered":"<p>&nbsp;Este plato lo com\u00ed muchas veces con&nbsp; mi amigo&nbsp; Manolo Santaella, Director de Comunicaci\u00f3n de Cetursa &#8211; Sierra Nevada.&nbsp; Ingredientes :Un par de huevosAceite de oliva virgen extraPatatas normales para freirUnas lonchas finas de jam\u00f3n ib\u00e9rico veteadoElaboraci\u00f3n:Pelar las patatas y cortar para freir. Dar toque de sal y en una sart\u00e9n, como nos gusta a [&hellip;]<!-- AddThis Advanced Settings generic via filter on get_the_excerpt --><!-- AddThis Share Buttons generic via filter on get_the_excerpt --><\/p>\n","protected":false},"author":5,"featured_media":0,"comment_status":"open","ping_status":"closed","sticky":false,"template":"","format":"standard","meta":[],"categories":[4],"tags":[],"_links":{"self":[{"href":"https:\/\/blogs.ideal.es\/cocina\/wp-json\/wp\/v2\/posts\/220"}],"collection":[{"href":"https:\/\/blogs.ideal.es\/cocina\/wp-json\/wp\/v2\/posts"}],"about":[{"href":"https:\/\/blogs.ideal.es\/cocina\/wp-json\/wp\/v2\/types\/post"}],"author":[{"embeddable":true,"href":"https:\/\/blogs.ideal.es\/cocina\/wp-json\/wp\/v2\/users\/5"}],"replies":[{"embeddable":true,"href":"https:\/\/blogs.ideal.es\/cocina\/wp-json\/wp\/v2\/comments?post=220"}],"version-history":[{"count":0,"href":"https:\/\/blogs.ideal.es\/cocina\/wp-json\/wp\/v2\/posts\/220\/revisions"}],"wp:attachment":[{"href":"https:\/\/blogs.ideal.es\/cocina\/wp-json\/wp\/v2\/media?parent=220"}],"wp:term":[{"taxonomy":"category","embeddable":true,"href":"https:\/\/blogs.ideal.es\/cocina\/wp-json\/wp\/v2\/categories?post=220"},{"taxonomy":"post_tag","embeddable":true,"href":"https:\/\/blogs.ideal.es\/cocina\/wp-json\/wp\/v2\/tags?post=220"}],"curies":[{"name":"wp","href":"https:\/\/api.w.org\/{rel}","templated":true}]}}