{"id":228,"date":"2008-02-25T15:07:29","date_gmt":"2008-02-25T15:07:29","guid":{"rendered":"http:\/\/blogs.ideal.es\/cocina\/?p=228"},"modified":"2008-02-25T15:07:29","modified_gmt":"2008-02-25T15:07:29","slug":"guia-proensa-vinos-2008","status":"publish","type":"post","link":"https:\/\/blogs.ideal.es\/cocina\/2008\/02\/25\/guia-proensa-vinos-2008\/","title":{"rendered":"Gu\u00eda Proensa de Vinos 2008"},"content":{"rendered":"<p><IMG class=\"imgcen\" id=\"img_1\" src=\"\/cocina\/wp-content\/uploads\/sites\/9\/240108-Guia-Proensa.jpg\"><em>\u201cSaltar la barrera del lenguaje que se interpon a veces entre el vino y el consumidor\u201d. As\u00ed se define esta gu\u00eda que Andr\u00e9s Proensa escribe con la sinceridad y claridad que le caracteriza <\/p>\n<p><\/em>Esta <strong>Gu\u00eda Proensa <\/strong>es la sexta edici\u00f3n consecutiva de la selecci\u00f3n de los mejores vinos de Espa\u00f1a. Catados y analizados por este periodista, que lleva m\u00e1s de 25 a\u00f1os especializado en el mundo del vino. La obra que mantiene el formato y filosof\u00eda desde que apareci\u00f3 en el 2002, analiza de verdad, 762 vinos por 308 bodegas en m\u00e1s de medio centenar de zonas vin\u00edcolas. Si bien <strong>Proensa<\/strong> ha catado m\u00e1s de 3000 vinos, pero solo escoge uno de cada cinco. Tambi\u00e9n dedica un capitulo a los vinos que no est\u00e1n amparados por ninguna D.O. <\/p>\n<p><strong>Edita:<\/strong> Vadevino<br \/>\n<strong>Paginas:<\/strong> 432<br \/>\n<strong>Precio:<\/strong> 17,50 E ( el mismo del a\u00f1o pasado<\/p>\n<p><IMG class=\"imgcen\" id=\"img_2\" src=\"\/cocina\/wp-content\/uploads\/sites\/9\/v260108-Bodegas-Palacio.jpg\"><strong>Bodegas Palacio 2001 Reserva<\/strong><br \/>\nMuy seria, esta bodega riojana que presenta un tinto de reserva del 2001. Con un bonita botella que recuerdan los dise\u00f1os del 1900, encontramos un interesante vino tinto. De bonito color rojo rub\u00ed de buena capa. Sus aromas de crianza se ayuntan perfectamente dando aromas de cacao y frutas rojas. Elegante en boca. <\/p>\n<!-- AddThis Advanced Settings generic via filter on the_content --><!-- AddThis Share Buttons generic via filter on the_content -->","protected":false},"excerpt":{"rendered":"<p>\u201cSaltar la barrera del lenguaje que se interpon a veces entre el vino y el consumidor\u201d. As\u00ed se define esta gu\u00eda que Andr\u00e9s Proensa escribe con la sinceridad y claridad que le caracteriza Esta Gu\u00eda Proensa es la sexta edici\u00f3n consecutiva de la selecci\u00f3n de los mejores vinos de Espa\u00f1a. Catados y analizados por este [&hellip;]<!-- AddThis Advanced Settings generic via filter on get_the_excerpt --><!-- AddThis Share Buttons generic via filter on get_the_excerpt --><\/p>\n","protected":false},"author":5,"featured_media":0,"comment_status":"open","ping_status":"closed","sticky":false,"template":"","format":"standard","meta":[],"categories":[10],"tags":[],"_links":{"self":[{"href":"https:\/\/blogs.ideal.es\/cocina\/wp-json\/wp\/v2\/posts\/228"}],"collection":[{"href":"https:\/\/blogs.ideal.es\/cocina\/wp-json\/wp\/v2\/posts"}],"about":[{"href":"https:\/\/blogs.ideal.es\/cocina\/wp-json\/wp\/v2\/types\/post"}],"author":[{"embeddable":true,"href":"https:\/\/blogs.ideal.es\/cocina\/wp-json\/wp\/v2\/users\/5"}],"replies":[{"embeddable":true,"href":"https:\/\/blogs.ideal.es\/cocina\/wp-json\/wp\/v2\/comments?post=228"}],"version-history":[{"count":0,"href":"https:\/\/blogs.ideal.es\/cocina\/wp-json\/wp\/v2\/posts\/228\/revisions"}],"wp:attachment":[{"href":"https:\/\/blogs.ideal.es\/cocina\/wp-json\/wp\/v2\/media?parent=228"}],"wp:term":[{"taxonomy":"category","embeddable":true,"href":"https:\/\/blogs.ideal.es\/cocina\/wp-json\/wp\/v2\/categories?post=228"},{"taxonomy":"post_tag","embeddable":true,"href":"https:\/\/blogs.ideal.es\/cocina\/wp-json\/wp\/v2\/tags?post=228"}],"curies":[{"name":"wp","href":"https:\/\/api.w.org\/{rel}","templated":true}]}}