{"id":247,"date":"2008-04-01T22:18:20","date_gmt":"2008-04-01T22:18:20","guid":{"rendered":"http:\/\/blogs.ideal.es\/cocina\/?p=247"},"modified":"2008-04-01T22:18:20","modified_gmt":"2008-04-01T22:18:20","slug":"reencontrar-costa-del-sol","status":"publish","type":"post","link":"https:\/\/blogs.ideal.es\/cocina\/2008\/04\/01\/reencontrar-costa-del-sol\/","title":{"rendered":"Reencontrar la Costa del Sol"},"content":{"rendered":"<p><IMG class=imgcen id=img_0 src=\"\/cocina\/wp-content\/uploads\/sites\/9\/020408-libro-costa-sol.jpg\"><\/p>\n<p><EM>Todos, o a lo sumo un casi todos al 89% hemos conocido y disfrutado la ponderada Costa del Sol. Y para todos los que estuvimos y aun vamos, tiene un c\u00famulo de recuerdos, momentos, sorpresas, comidas y noches especiales <\/EM><\/p>\n<p>Con este libro, amplio en tama\u00f1o, generoso en im\u00e1genes daremos un paseo de la mano de sus autores, con pr\u00f3logo de <STRONG>Manuel Alc\u00e1ntara <\/STRONG>, y textos de <STRONG>Agust\u00edn Lome\u00f1a y Juan Gait\u00e1n.<\/STRONG> Sus fotos antiguas nos van a cargar de recuerdos y un toque de a\u00f1oranza, donde ya apuntaba manera la plaza Costa del Sol, de Torremolinos, con sus carteles (en cer\u00e1mica) de bebidas generosas. Una obra donde se recrean parajes de la M\u00e1laga y Costa del Sol, con aspectos gastron\u00f3micos como la recogida del copo, las conchas finas, los espetos de sardinas, y sus vinos, etc.<br \/>\n<STRONG>Paginas:<\/STRONG> 261<br \/>\n<STRONG>Edita:<\/STRONG> Lunwerg Editores <\/p>\n<p><IMG class=imgcen id=img_0 src=\"\/cocina\/wp-content\/uploads\/sites\/9\/v020408-Schatz-petit-verdot-.jpg\"> <H3>Schatz Petit Verdot <\/H3>Recuerdan que les contaba sobre esta bodega de due\u00f1os originarios de Alemania, pero ya tan integrados en Ronda que elaboran vinos muy mediterr\u00e1neos. La variedad petit verdot de origen franc\u00e9s, encaja bien en el terreno andaluz. Con 12 meses de barrica, el 2005, se encuentra en su momento, ya, de beberlo.    <\/p>\n<!-- AddThis Advanced Settings generic via filter on the_content --><!-- AddThis Share Buttons generic via filter on the_content -->","protected":false},"excerpt":{"rendered":"<p>Todos, o a lo sumo un casi todos al 89% hemos conocido y disfrutado la ponderada Costa del Sol. Y para todos los que estuvimos y aun vamos, tiene un c\u00famulo de recuerdos, momentos, sorpresas, comidas y noches especiales Con este libro, amplio en tama\u00f1o, generoso en im\u00e1genes daremos un paseo de la mano de [&hellip;]<!-- AddThis Advanced Settings generic via filter on get_the_excerpt --><!-- AddThis Share Buttons generic via filter on get_the_excerpt --><\/p>\n","protected":false},"author":5,"featured_media":0,"comment_status":"open","ping_status":"closed","sticky":false,"template":"","format":"standard","meta":[],"categories":[10],"tags":[],"_links":{"self":[{"href":"https:\/\/blogs.ideal.es\/cocina\/wp-json\/wp\/v2\/posts\/247"}],"collection":[{"href":"https:\/\/blogs.ideal.es\/cocina\/wp-json\/wp\/v2\/posts"}],"about":[{"href":"https:\/\/blogs.ideal.es\/cocina\/wp-json\/wp\/v2\/types\/post"}],"author":[{"embeddable":true,"href":"https:\/\/blogs.ideal.es\/cocina\/wp-json\/wp\/v2\/users\/5"}],"replies":[{"embeddable":true,"href":"https:\/\/blogs.ideal.es\/cocina\/wp-json\/wp\/v2\/comments?post=247"}],"version-history":[{"count":0,"href":"https:\/\/blogs.ideal.es\/cocina\/wp-json\/wp\/v2\/posts\/247\/revisions"}],"wp:attachment":[{"href":"https:\/\/blogs.ideal.es\/cocina\/wp-json\/wp\/v2\/media?parent=247"}],"wp:term":[{"taxonomy":"category","embeddable":true,"href":"https:\/\/blogs.ideal.es\/cocina\/wp-json\/wp\/v2\/categories?post=247"},{"taxonomy":"post_tag","embeddable":true,"href":"https:\/\/blogs.ideal.es\/cocina\/wp-json\/wp\/v2\/tags?post=247"}],"curies":[{"name":"wp","href":"https:\/\/api.w.org\/{rel}","templated":true}]}}