{"id":254,"date":"2008-04-13T13:56:00","date_gmt":"2008-04-13T13:56:00","guid":{"rendered":"http:\/\/blogs.ideal.es\/cocina\/?p=254"},"modified":"2008-04-13T13:56:00","modified_gmt":"2008-04-13T13:56:00","slug":"ano-mundial-la-patata-y-su-concurso-recetas","status":"publish","type":"post","link":"https:\/\/blogs.ideal.es\/cocina\/2008\/04\/13\/ano-mundial-la-patata-y-su-concurso-recetas\/","title":{"rendered":"A\u00f1o Mundial de la Patata y su concurso de recetas"},"content":{"rendered":"<p><H4><\/H4> <H4><IMG class=imgcen id=img_0 src=\"\/cocina\/wp-content\/uploads\/sites\/9\/patatas-fritas.jpg\"><\/H4> <H4> <H5>Tub\u00e9rculos: Existen cientos de variedades de patatas comestibles en el mundo \/ P.A.<\/H5><\/H4> <H4>La ONU ha proclamado 2008 como fecha se\u00f1era del famoso tub\u00e9rculo<\/H4> <H5>Por Pablo Amate <\/H5>La Organizaci\u00f3n de Naciones Unidas ONU, decidi\u00f3 dedicar este a\u00f1o a uno de los productos que revoluciono la alimentaci\u00f3n mundial, desde su descubrimiento por los espa\u00f1oles en Per\u00fa. La importancia de las patatas es tanta que el alto organismo mundial la consideran con un \u201cpapel relevante en el desarrollo de la seguridad alimentaria mundial y el esfuerzo de erradicaci\u00f3n de la pobreza\u201d.<br \/>\n<STRONG>Las bases del concurso<\/STRONG><br \/>\nPondr\u00e1n participar todas las personas nacidas o residentes en Granada. Se admitir\u00e1n una sola receta por participante. Los textos podr\u00e1n entregarse en la Biblioteca P\u00fablica del Sal\u00f3n, o enviar al mail:. <A href=\"mailto:eplanells@granada.org\">eplanells@granada.org<\/A>, con fecha l\u00edmite del 18 de abril 2008. Las recetas tiene que enviarse con letra legible u ordenador, con el nombre de la misma, ingredientes y cantidades y elaboraci\u00f3n. Con su costo y foto del plato, si lo desea. Entre las recetas seleccionadas por un jurado, valorando 1\u00ba Bajo costo econ\u00f3mico, 2\u00ba Utilizaci\u00f3n de materias primas del pa\u00eds de origen participante y 3\u00ba Originalidad. Para la concesi\u00f3n de los premios se establecer\u00e1 tres categor\u00edas: Infantil: hasta 14 a\u00f1os. Juvenil, desde los 14 a 20 a\u00f1os y adultos, a partir de 20 a\u00f1os. La entrega de los premios se celebrar\u00e1 el d\u00eda 23 de abril de 2008 alas 11 de la ma\u00f1ana, en la biblioteca municipal del Sal\u00f3n.<br \/>\nToda una interesante convocatoria para un producto que costo muchos a\u00f1os en tener el protagonismo cocineril, por ser algunas veces indigesta, su sabor crudo nada apetecible y el desconocimiento a la hora de cocinar. Siendo la gran revoluci\u00f3n cuando fueron fritas por primera vez. Todo un hito. <\/p>\n<p> <H5> <H4>CRITICA GASTRON\u00d3MICA<\/H4><\/H5><IMG class=imgcen id=img_0 src=\"\/cocina\/wp-content\/uploads\/sites\/9\/Horno-Santiago-120408.jpg\">  <H5>Medina (metre), Paco Calvache y Antonio Casado \/ P.A.<\/H5> <H4>El Horno de Santiago y los vinos de Alboloduy, juntos a la mesa del restaurante granadino<\/H4> <H5>Por Pablo Amate<\/H5>Antonio Casado cocinero y propietario del c\u00e9ntrico restaurante granadino, propone en su carta una serie de platos donde la materia prima esta muy cuidada, asunto primordial donde destaca algunos guisos, con excelso punto, sus cocochas de bacalao al pil-pil, buenos lomos de rape con salsa acorde, bacalao, lomos de corvina, etc. Con ricas carnes que ligan perfectamente con los vinos de Paco Calvache, Bodegas Alboloduy, tintos tan se\u00f1eros como su cabernet sauvignon o su syrah, que han obtenido medalla de oro y plata en Par\u00eds, asunto que es mucho.<\/p>\n<p><STRONG>Direcci\u00f3n:<\/STRONG> Plaza de los Campos, 8 Granada<\/p>\n<p><STRONG>Tel\u00e9fono:<\/STRONG> 958 223476<\/p>\n<p><STRONG>Cierre:<\/STRONG> Domingos y lunes noche<\/p>\n<p><STRONG>Men\u00fa degustaci\u00f3n:<\/STRONG> 33 \u20ac, m\u00e1s IVA y vinos aparte<\/p>\n<p><STRONG>Puntuaci\u00f3n:<\/STRONG> 7<\/p>\n<p><STRONG> <H4><STRONG>CURSO DE VINOS Y GASTRONOM\u00cdA <\/STRONG><\/H4><\/STRONG>De lunes a viernes. Solo tardes y en julio, tanto si es profesional de hosteler\u00eda o aficionado, el Centro Mediterr\u00e1neo de la Universidad de Granada, que dirige Juan Francisco Garc\u00eda Casanova, le ofrece el mejor encuentro para aprender y disfrutar con los vinos, los cocineros de moda y los avances nutricionales mas candentes. El cursillo tiene 3 Cr\u00e9ditos acad\u00e9micos de libre configuraci\u00f3n.<\/p>\n<p><STRONG>Fechas:<\/STRONG> del 7 al 11 de julio 2008<\/p>\n<p><STRONG>Informaci\u00f3n:<\/STRONG> 958 242922 <\/p>\n<p><STRONG>Web:<\/STRONG> ugr.es Cursos de verano Centro Mediterr\u00e1neo<\/p>\n<p><STRONG>Cr\u00e9ditos:<\/STRONG> 3 cr\u00e9ditos acad\u00e9micos de libre configuraci\u00f3n. <STRONG>Plazas limitadas<\/STRONG><\/p>\n<p><STRONG><\/STRONG><\/p>\n<p> <H4>JORNADAS GASTRON\u00d3MICAS DE LA COCINA GALLEGA EN LA HACIENDA DEL MARQUESADO<\/H4> <H4><IMG class=imgcen id=img_0 src=\"\/cocina\/wp-content\/uploads\/sites\/9\/mariscos.120408.jpg\">Texto y Foto: P. Amate<br \/>\n <H5><br \/>\n <P class=MsoNormal style=\"MARGIN: 0cm 0cm 0pt\"><FONT size=3><FONT face=\"Times New Roman\"><?xml:namespace prefix = st1 ns = \"urn:schemas-microsoft-com:office:smarttags\" \/><st1:PersonName w:st=\"on\" ProductID=\"La Hacienda\"><SPAN style=\"mso-ansi-language: ES; mso-bidi-font-weight: bold\">La Hacienda<\/SPAN><\/st1:PersonName><SPAN style=\"mso-ansi-language: ES; mso-bidi-font-weight: bold\"> del Marquesado que dirige Herman Sierra, ha tenido la genial idea de realizar unas jornadas autenticas de cocina gallega, en el coraz\u00f3n del Marquesado, junto a Guadix. Excelentes marisco, empanadas, potes, queimadas y gloria gallega, pues se cuenta con la participaci\u00f3n de Braulio Garc\u00eda Cruces, cocinero y acreditado profesor del Centro Superior de Hosteler\u00eda de Galicia, con sede en Santiago de Compostela y la cocinera Campeona de Espa\u00f1a en el reciente concurso celebrado en Barcelona con motivo de Alimentaria 2008, Beatriz Sotelo. Que unidos a los buenos oficios del jefe de cocina de <st1:PersonName w:st=\"on\" ProductID=\"La Hacienda\">La Hacienda<\/st1:PersonName> del Marquesado, Juan Milena y su gran equipo en los fogones, que dar\u00e1n esplendor a esta novedosas jornadas dedicadas, por primera vez a la cocina gallega. <?xml:namespace prefix = o ns = \"urn:schemas-microsoft-com:office:office\" \/><o:p><\/o:p><\/SPAN><\/FONT><\/FONT><\/p>\n<p> <P class=MsoNormal style=\"MARGIN: 0cm 0cm 0pt\"><SPAN style=\"mso-ansi-language: ES; mso-bidi-font-weight: bold\"><FONT size=3><FONT face=\"Times New Roman\">Con un amplio men\u00fa compuesto por: Mariscada gallega con gambas, centollas, percebes, navajas, langosta, etc. Empanada rellena de berberechos y mejillones. Pote gallego. Caldeirada de peixes. Torta de Santiago. Autentica queimada gallega. Aperitivos, y vinos. Todo incluido por solo 45 \u20ac + IVA.<o:p><\/o:p><\/FONT><\/FONT><\/SPAN><\/p>\n<p> <P class=MsoNormal style=\"MARGIN: 0cm 0cm 0pt\"><SPAN style=\"mso-ansi-language: ES; mso-bidi-font-weight: bold\"><FONT size=3><FONT face=\"Times New Roman\">La plazas son limitadas por ser un genero que tienen que llegar expresamente desde Galicia, por lo que conviene reservar al tel\u00e9fono: 958 675686.<o:p><\/o:p><\/FONT><\/FONT><\/SPAN><\/p>\n<p> <P class=MsoNormal style=\"MARGIN: 0cm 0cm 0pt\"><SPAN style=\"mso-ansi-language: ES; mso-bidi-font-weight: bold\"><FONT size=3><FONT face=\"Times New Roman\">Fechas: del 22 al 27 de abril 2008.<o:p><\/o:p><\/FONT><\/FONT><\/SPAN><\/p>\n<p> <P class=MsoNormal style=\"MARGIN: 0cm 0cm 0pt\"><SPAN style=\"mso-ansi-language: ES\"><o:p><FONT face=\"Times New Roman\" size=3> <\/FONT><\/o:p><\/SPAN><\/p>\n<p><\/H5><br \/>\n<\/H4> <H5><\/H5><STRONG><\/STRONG><\/p>\n<!-- AddThis Advanced Settings generic via filter on the_content --><!-- AddThis Share Buttons generic via filter on the_content -->","protected":false},"excerpt":{"rendered":"<p>Tub\u00e9rculos: Existen cientos de variedades de patatas comestibles en el mundo \/ P.A. La ONU ha proclamado 2008 como fecha se\u00f1era del famoso tub\u00e9rculo Por Pablo Amate La Organizaci\u00f3n de Naciones Unidas ONU, decidi\u00f3 dedicar este a\u00f1o a uno de los productos que revoluciono la alimentaci\u00f3n mundial, desde su descubrimiento por los espa\u00f1oles en Per\u00fa. [&hellip;]<!-- AddThis Advanced Settings generic via filter on get_the_excerpt --><!-- AddThis Share Buttons generic via filter on get_the_excerpt --><\/p>\n","protected":false},"author":5,"featured_media":0,"comment_status":"open","ping_status":"closed","sticky":false,"template":"","format":"standard","meta":[],"categories":[3],"tags":[],"_links":{"self":[{"href":"https:\/\/blogs.ideal.es\/cocina\/wp-json\/wp\/v2\/posts\/254"}],"collection":[{"href":"https:\/\/blogs.ideal.es\/cocina\/wp-json\/wp\/v2\/posts"}],"about":[{"href":"https:\/\/blogs.ideal.es\/cocina\/wp-json\/wp\/v2\/types\/post"}],"author":[{"embeddable":true,"href":"https:\/\/blogs.ideal.es\/cocina\/wp-json\/wp\/v2\/users\/5"}],"replies":[{"embeddable":true,"href":"https:\/\/blogs.ideal.es\/cocina\/wp-json\/wp\/v2\/comments?post=254"}],"version-history":[{"count":0,"href":"https:\/\/blogs.ideal.es\/cocina\/wp-json\/wp\/v2\/posts\/254\/revisions"}],"wp:attachment":[{"href":"https:\/\/blogs.ideal.es\/cocina\/wp-json\/wp\/v2\/media?parent=254"}],"wp:term":[{"taxonomy":"category","embeddable":true,"href":"https:\/\/blogs.ideal.es\/cocina\/wp-json\/wp\/v2\/categories?post=254"},{"taxonomy":"post_tag","embeddable":true,"href":"https:\/\/blogs.ideal.es\/cocina\/wp-json\/wp\/v2\/tags?post=254"}],"curies":[{"name":"wp","href":"https:\/\/api.w.org\/{rel}","templated":true}]}}