{"id":261,"date":"2008-05-03T14:56:43","date_gmt":"2008-05-03T14:56:43","guid":{"rendered":"http:\/\/blogs.ideal.es\/cocina\/?p=261"},"modified":"2008-05-03T14:56:43","modified_gmt":"2008-05-03T14:56:43","slug":"las-mejores-bodegas-reunidas-almeria","status":"publish","type":"post","link":"https:\/\/blogs.ideal.es\/cocina\/2008\/05\/03\/las-mejores-bodegas-reunidas-almeria\/","title":{"rendered":"Las mejores bodegas reunidas en Almer\u00eda"},"content":{"rendered":"<p><IMG class=imgcen id=img_0 src=\"\/cocina\/wp-content\/uploads\/sites\/9\/73059_FotograndeVIVIRGASTRONOM\u00cdA020508.jpg\"><STRONG>Todos a una.<\/STRONG> Los bodegueros almerienses junto al alcalde de Laujar de Andarax, Emilio Romero y el diputado del \u00c1rea de Fomento de la Diputaci\u00f3n de Almer\u00eda, Joaqu\u00edn \u00c1lvarez. \/ P.A.<\/p>\n<p> <H4> La VI Feria del Vino de Laujar concentra a los bodegueros y vinos m\u00e1s representativos de la zona.<\/p>\n<p><\/H4> <STRONG>Por Pablo Amate<\/STRONG><\/p>\n<p>  El Gran Hotel de Almer\u00eda acog\u00edo   un encuentro previo de  las bodegas punteras de Almer\u00eda y Alpujarras. Presidido por Emilio Romero, alcalde de Laujar y Joaqu\u00edn \u00c1lvarez diputado de Almer\u00eda, todas sorprendieron a los asistentes por la calidad de sus vinos. Excelentes blancos, rosados y tintos, impensables hace pocos a\u00f1os, hoy ganadores de premios hasta internacionales., que muchos entendidos y due\u00f1os de restaurantes no conocen a\u00fan al aferrarse a marcas de fuera, sin valorar lo que hay en \u201ccasa\u201d.<br \/>\n<STRONG>Bodegas y vinos<\/STRONG><br \/>\nDel a al 4 de mayo, el grato  pueblo de Laujar de Andarax,  celebra una feria del vino  para  la promoci\u00f3n de los vinos de calidad. All\u00ed podr\u00e1n catar y comprar vinos de bodegas tan notables como el tinto Rinc\u00f3n de la Cautiva de Bodega Bolabana de Adra. Los vinos de la Bodega Bodega Barea Granados de Padules. Tambi\u00e9n gustaron mucho los de bodega Perfer de Uleila del Campo, bodega Fuente Victoria, bodega El Sotillo de La Rabita o bodegas Condado de Ojanco de Laujar. Destacar los vinos de la Bodega Dominio Buenavista, premiados internacionalmente, con un reciente galard\u00f3n a su rosado. Gran aceptaci\u00f3n tuvo tambi\u00e9n los vinos de La Bodega de Alboloduy de la familia Calvache, con sus medalla de oro y plata conseguida por sus tintos Selecci\u00f3n Cristina Calvache, nada menos que en Par\u00eds. No faltaron a tan interesante encuentro la bodega Valle de Laujar, la del Cortijo del Cura, Selecci\u00f3n de Vinos de Fond\u00f3n, bodega Cortijo la Vieja, La Bodega de Mar\u00eda, Cuatro Vientos de Murtas y Torrente Cuevas de Oria. <\/p>\n<!-- AddThis Advanced Settings generic via filter on the_content --><!-- AddThis Share Buttons generic via filter on the_content -->","protected":false},"excerpt":{"rendered":"<p>Todos a una. Los bodegueros almerienses junto al alcalde de Laujar de Andarax, Emilio Romero y el diputado del \u00c1rea de Fomento de la Diputaci\u00f3n de Almer\u00eda, Joaqu\u00edn \u00c1lvarez. \/ P.A. La VI Feria del Vino de Laujar concentra a los bodegueros y vinos m\u00e1s representativos de la zona. Por Pablo Amate El Gran Hotel [&hellip;]<!-- AddThis Advanced Settings generic via filter on get_the_excerpt --><!-- AddThis Share Buttons generic via filter on get_the_excerpt --><\/p>\n","protected":false},"author":5,"featured_media":0,"comment_status":"open","ping_status":"closed","sticky":false,"template":"","format":"standard","meta":[],"categories":[16],"tags":[],"_links":{"self":[{"href":"https:\/\/blogs.ideal.es\/cocina\/wp-json\/wp\/v2\/posts\/261"}],"collection":[{"href":"https:\/\/blogs.ideal.es\/cocina\/wp-json\/wp\/v2\/posts"}],"about":[{"href":"https:\/\/blogs.ideal.es\/cocina\/wp-json\/wp\/v2\/types\/post"}],"author":[{"embeddable":true,"href":"https:\/\/blogs.ideal.es\/cocina\/wp-json\/wp\/v2\/users\/5"}],"replies":[{"embeddable":true,"href":"https:\/\/blogs.ideal.es\/cocina\/wp-json\/wp\/v2\/comments?post=261"}],"version-history":[{"count":0,"href":"https:\/\/blogs.ideal.es\/cocina\/wp-json\/wp\/v2\/posts\/261\/revisions"}],"wp:attachment":[{"href":"https:\/\/blogs.ideal.es\/cocina\/wp-json\/wp\/v2\/media?parent=261"}],"wp:term":[{"taxonomy":"category","embeddable":true,"href":"https:\/\/blogs.ideal.es\/cocina\/wp-json\/wp\/v2\/categories?post=261"},{"taxonomy":"post_tag","embeddable":true,"href":"https:\/\/blogs.ideal.es\/cocina\/wp-json\/wp\/v2\/tags?post=261"}],"curies":[{"name":"wp","href":"https:\/\/api.w.org\/{rel}","templated":true}]}}