{"id":279,"date":"2008-10-28T22:01:35","date_gmt":"2008-10-28T22:01:35","guid":{"rendered":"http:\/\/blogs.ideal.es\/cocina\/?p=279"},"modified":"2008-10-28T22:01:35","modified_gmt":"2008-10-28T22:01:35","slug":"toriijas-pan-molde","status":"publish","type":"post","link":"https:\/\/blogs.ideal.es\/cocina\/2008\/10\/28\/toriijas-pan-molde\/","title":{"rendered":"Torrijas de pan de molde"},"content":{"rendered":"<p><IMG class=imgcen id=img_0 src=\"\/cocina\/wp-content\/uploads\/sites\/9\/301008-torrija.jpg\"><\/p>\n<p><EM>Sirven lo mismo para desayuno o merienda <\/EM><\/p>\n<p><STRONG>Ingredientes :<\/STRONG><br \/>\nAz\u00facar.<br \/>\nCanela en rama y en polvo<br \/>\nAz\u00facar morena.<br \/>\nCorteza de Lim\u00f3n.<br \/>\nLeche.<br \/>\nRebanadas de pan de molde.<br \/>\nHuevo. Aceite de oliva.<br \/>\n<STRONG>Elaboraci\u00f3n: <\/STRONG><br \/>\nHervir la leche, az\u00facar, canela y una corteza de lim\u00f3n. Enfriar y remojar las rebanadas de pan de molde, sin que se rompan. Rebozar en el huevo batido y las fre\u00edmos en una sart\u00e9n con abundante aceite de oliva caliente. Ya listas, sacar y pasar por az\u00facar morena y la canela en polvo. Servir con mermelada de fresas.<\/p>\n<p><IMG class=imgcen id=img_0 src=\"\/cocina\/wp-content\/uploads\/sites\/9\/v301008-Aster-.jpg\"><\/p>\n<p> <H4>\u00c1ster tinto 2006<br \/>\n<\/H4>Surge este novedoso vino, de unos vi\u00f1edos plantados en 1961 en la Finca El Otero, por el grupo de la bodega Rioja Alta en Ribera de Duero. Un tinto que realiza la fermentaci\u00f3n malol\u00e1ctica en barrica de roble americano nuevo y posterior crianza de quince meses en barrica de roble franc\u00e9s. Un gran vino.<\/p>\n<!-- AddThis Advanced Settings generic via filter on the_content --><!-- AddThis Share Buttons generic via filter on the_content -->","protected":false},"excerpt":{"rendered":"<p>Sirven lo mismo para desayuno o merienda Ingredientes : Az\u00facar. Canela en rama y en polvo Az\u00facar morena. Corteza de Lim\u00f3n. Leche. Rebanadas de pan de molde. Huevo. Aceite de oliva. Elaboraci\u00f3n: Hervir la leche, az\u00facar, canela y una corteza de lim\u00f3n. Enfriar y remojar las rebanadas de pan de molde, sin que se rompan. [&hellip;]<!-- AddThis Advanced Settings generic via filter on get_the_excerpt --><!-- AddThis Share Buttons generic via filter on get_the_excerpt --><\/p>\n","protected":false},"author":5,"featured_media":0,"comment_status":"open","ping_status":"closed","sticky":false,"template":"","format":"standard","meta":[],"categories":[4,8,12],"tags":[],"_links":{"self":[{"href":"https:\/\/blogs.ideal.es\/cocina\/wp-json\/wp\/v2\/posts\/279"}],"collection":[{"href":"https:\/\/blogs.ideal.es\/cocina\/wp-json\/wp\/v2\/posts"}],"about":[{"href":"https:\/\/blogs.ideal.es\/cocina\/wp-json\/wp\/v2\/types\/post"}],"author":[{"embeddable":true,"href":"https:\/\/blogs.ideal.es\/cocina\/wp-json\/wp\/v2\/users\/5"}],"replies":[{"embeddable":true,"href":"https:\/\/blogs.ideal.es\/cocina\/wp-json\/wp\/v2\/comments?post=279"}],"version-history":[{"count":0,"href":"https:\/\/blogs.ideal.es\/cocina\/wp-json\/wp\/v2\/posts\/279\/revisions"}],"wp:attachment":[{"href":"https:\/\/blogs.ideal.es\/cocina\/wp-json\/wp\/v2\/media?parent=279"}],"wp:term":[{"taxonomy":"category","embeddable":true,"href":"https:\/\/blogs.ideal.es\/cocina\/wp-json\/wp\/v2\/categories?post=279"},{"taxonomy":"post_tag","embeddable":true,"href":"https:\/\/blogs.ideal.es\/cocina\/wp-json\/wp\/v2\/tags?post=279"}],"curies":[{"name":"wp","href":"https:\/\/api.w.org\/{rel}","templated":true}]}}